{"id":2594,"date":"2026-01-22T12:07:19","date_gmt":"2026-01-22T12:07:19","guid":{"rendered":"https:\/\/blog.cedritech.com\/?p=2594"},"modified":"2026-01-22T12:07:19","modified_gmt":"2026-01-22T12:07:19","slug":"trump-tariffs-live-updates-trump-calls-off-tariffs-on-europe-over-greenland-after-reaching-deal-framework","status":"publish","type":"post","link":"https:\/\/blog.cedritech.com\/?p=2594","title":{"rendered":"Trump tariffs live updates: Trump calls off tariffs on Europe over Greenland after reaching deal &#8216;framework&#8217;"},"content":{"rendered":"<p>In an abrupt about-face on Wednesday, President Trump said he was calling off planned tariffs on European nations over his pursuit of Greenland. Trump cited the &#8220;framework of a future deal&#8221; reached with NATO Secretary General Mark Rutte.<\/p>\n<p>&#8220;This solution, if consummated, will be a great one for the United States of America, and all NATO Nations. Based upon this understanding, I will not be imposing the Tariffs that were scheduled to go into effect on February 1st,&#8221; Trump wrote on Truth Social.<\/p>\n<p>The turn in direction came after Trump arrived at the World Economic Forum in Davos, Switzerland, on Wednesday, with his revived tariff threats against allies over his pursuit of Greenland\u00a0having roiled markets\u00a0and upended trading relationships forged just months earlier.<\/p>\n<p>In a keynote address, Trump said he was seeking &#8220;immediate negotiations&#8221; over Greenland but also appeared to rule out the use of force to acquire the Danish territory.<\/p>\n<p>&#8220;You can say yes, and we will be very appreciative, or you can say no, and we will remember,&#8221; Trump said.<\/p>\n<p>NATO Chief Mark Rutte\u00a0said\u00a0a deal with Trump was secured after discussing the security of the Arctic region, prompting Trump to immediately scrap his tariff threats against European allies.<\/p>\n<p>Trump over the weekend said the US would implement 10% tariffs on eight European countries that he says are getting in the way of a US purchase of Greenland, rising to 25% on June 1 if no agreement is in place. The tariffs would begin Feb. 1 and apply to &#8220;any and all goods sent to&#8221; the US. Europe hit back at Trump on Wednesday by\u00a0putting\u00a0its trade deal with the US on hold. The European Parliament decided to freeze a ratification vote in response to Trump&#8217;s threat to take over Greenland.<\/p>\n<p>EU capitals have also entered discussions to implement tariffs of up to $108 billion on American products after\u00a0Trump posted his plan to levy new tariffs on Europe on Saturday. But Trump predicted that his Greenland pursuit would not force the bloc to rethink its trade agreement with the US or its pledged investments in the country.<\/p>\n<p>Meanwhile, the US Supreme Court&#8217;s first three opportunities to issue a verdict this year on the implications and legality of Trump&#8217;s global duties on trade partners have come and gone without a decision. The high court did not hand down a ruling on Tuesday, and it is unclear when it could rule next.<\/p>\n<p><em>Read more:\u00a0<\/em><em>What Trump promised with his &#8216;Liberation Day&#8217; tariffs \u2014 and what he delivered<\/em><\/p>\n<div id=\"liveblog-0\" class=\"caas-liveblog\" data-id=\"391fc9fc-2684-4f33-959c-3c609d8f8cdc\" data-count=\"20\" data-polling-enabled=\"0\" data-maxfailureallowed=\"3\" data-postid-first=\"6f8e4889-0f15-4f92-8b27-755cb59ebe6e\" data-postid-last=\"0b86f5ad-bcaf-4a52-9fbb-d57d0c5b93bb\" data-postid-first-pinned=\"c0d0d712-95bc-4792-926f-d4dab6c5bba3\" data-postid-last-pinned=\"55cfc908-5e3a-4169-b271-3982f4359a11\" data-pagination-first-uuid=\"6f8e4889-0f15-4f92-8b27-755cb59ebe6e\" data-pagination-last-uuid=\"0b86f5ad-bcaf-4a52-9fbb-d57d0c5b93bb\" data-refresh-delay=\"60000\" data-share-post-enabled=\"0\" data-share-url=\"https:\/\/finance.yahoo.com\/news\/live\/trump-tariffs-live-updates-trump-calls-off-tariffs-on-europe-over-greenland-after-reaching-deal-framework-152657787.html\" data-fetchby=\"older\" data-imagelightboxminimumwidth=\"640\" data-site=\"news\" data-appid=\"news_web\" data-region=\"US\" data-article-uuid=\"5900c2e9-9f85-4a2a-be6a-0dae246bb402\">\n<div class=\"header\"><\/div>\n<div class=\"caas-live-blog-section-badge-wrapper\"><span class=\"caas-live-blog-section-badge isLive\" data-islive=\"1\">Live<\/span><span class=\"caas-live-blog-section-badge-count\">70 updates<\/span><\/div>\n<ul class=\"caas-liveblog-pinned-list\">\n<li id=\"c0d0d712-95bc-4792-926f-d4dab6c5bba3\" class=\"caas-liveblogpost pinned\" data-id=\"c0d0d712-95bc-4792-926f-d4dab6c5bba3\" data-lmt=\"{&quot;utc&quot;:&quot;Wed, 21 Jan 2026 21:53:40 GMT&quot;,&quot;iso&quot;:&quot;2026-01-21T21:53:40.000Z&quot;,&quot;format&quot;:&quot;Wed, January 21, 2026 at 10:53 PM GMT+1&quot;,&quot;timestamp&quot;:1769032420000}\">\n<div class=\"pinned-post\">\n<div class=\"label\">\n<div class=\"pinned-label-icon\">\n<div class=\"file-action-pin\"><\/div>\n<div class=\"post-featured\">Featured<\/div>\n<\/div>\n<\/div>\n<div class=\"post\">\n<div class=\"post-header\">\n<div class=\"timeline-point\"><img decoding=\"async\" class=\"avatar\" src=\"https:\/\/o.aolcdn.com\/images\/dims?image_uri=https%3A%2F%2Fo.aolcdn.com%2Fimages%2Fdims%3Fimage_uri%3Dhttps%253A%252F%252Fs.yimg.com%252Fos%252Fcreatr-uploaded-images%252F2023-05%252F128dd290-f595-11ed-b4d8-cbe5a3d4e16f%26compress%3D1%26progressive%3D1%26quality%3D75%26client%3Dhawkeye%26signature%3D4032c266a6e3ad3af35e07e05b7f14a19b6e7fcb&amp;compress=1&amp;progressive=1&amp;quality=75&amp;client=hawkeye&amp;signature=51fc62488f627e17b6456ed9c840a3a069d9e8bd\" \/><\/div>\n<div class=\"timestamp-byline\"><time class=\"timestamp-most-recent liveblogpost-relative-time\" data-timestamp=\"1769032420000\" data-id=\"liveblog-timestamp-0\">Wed, January 21, 2026 at 10:53 PM GMT+1<\/time><\/p>\n<div class=\"byline-meta\">\n<div class=\"byline\">Brett LoGiurato<\/div>\n<\/div>\n<\/div>\n<\/div>\n<div class=\"content\">\n<div class=\"headline-block\">\n<h2 class=\"headline\">Some details of Trump&#8217;s &#8216;framework&#8217; deal on Greenland<\/h2>\n<\/div>\n<div class=\"content-block\">\n<div class=\"body\">\n<p>President Trump outlined more details of what he said was a &#8220;framework&#8221; agreement for a future deal with the European Union on Greenland:<\/p>\n<ul class=\"caas-list caas-list-bullet\">\n<li>He suggested the deal could involve Greenland&#8217;s natural resources. &#8220;They\u2019re going to be involved in mineral rights and so are we,&#8221; he said on CNBC.<\/li>\n<li>Trump said that Vice President JD Vance, Secretary of State Marco Rubio, and special envoy Steve Witkoff would hold more negotiations.<\/li>\n<li>He suggested the agreement would last &#8220;forever.&#8221;<\/li>\n<\/ul>\n<\/div>\n<\/div>\n<\/div>\n<\/div>\n<\/div>\n<\/li>\n<li id=\"55cfc908-5e3a-4169-b271-3982f4359a11\" class=\"caas-liveblogpost pinned\" data-id=\"55cfc908-5e3a-4169-b271-3982f4359a11\" data-lmt=\"{&quot;utc&quot;:&quot;Wed, 21 Jan 2026 19:45:34 GMT&quot;,&quot;iso&quot;:&quot;2026-01-21T19:45:34.000Z&quot;,&quot;format&quot;:&quot;Wed, January 21, 2026 at 8:45 PM GMT+1&quot;,&quot;timestamp&quot;:1769024734000}\">\n<div class=\"pinned-post\">\n<div class=\"label\">\n<div class=\"pinned-label-icon\">\n<div class=\"file-action-pin\"><\/div>\n<div class=\"post-featured\">Featured<\/div>\n<\/div>\n<\/div>\n<div class=\"post\">\n<div class=\"post-header\">\n<div class=\"timeline-point\"><img decoding=\"async\" class=\"avatar\" src=\"https:\/\/o.aolcdn.com\/images\/dims?image_uri=https%3A%2F%2Fs.yimg.com%2Fos%2Fcreatr-uploaded-images%2F2019-08%2F36118300-c417-11e9-b3a3-135760195748&amp;compress=1&amp;progressive=1&amp;quality=75&amp;client=hawkeye&amp;signature=4d2f3e0cb5fbdb522dc15f4c4881f3c11f1dc917\" \/><\/div>\n<div class=\"timestamp-byline\"><time class=\"timestamp-most-recent liveblogpost-relative-time\" data-timestamp=\"1769024734000\" data-id=\"liveblog-timestamp-1\">Wed, January 21, 2026 at 8:45 PM GMT+1<\/time><\/p>\n<div class=\"byline-meta\">\n<div class=\"byline\">Ben Werschkul<\/div>\n<\/div>\n<\/div>\n<\/div>\n<div class=\"content\">\n<div class=\"headline-block\">\n<h2 class=\"headline\">Trump backs away from his tariff Greenland tariff threats<\/h2>\n<\/div>\n<div class=\"content-block\">\n<div class=\"body\">\n<p>President Trump says he is backing away from a threat of 10% tariffs on eight European nations over the Greenland issue, saying a meeting with the NATO secretary general has yielded &#8220;the framework of a future deal with respect to Greenland and, in fact, the entire Arctic Region.&#8221;<\/p>\n<p>As a result, Trump added, &#8220;I will not be imposing the Tariffs that were scheduled to go into effect on February 1st.&#8221;<\/p>\n<p>The still-to-be finished Greenland deal, which the president didn&#8217;t give any significant details on in his post, means that the tariff threats are now off after days of ups and downs in the market after Trump threatened the tariffs over the weekend and then backed away from military action Wednesday morning in a speech before taking tariffs of the table in the afternoon\u00a0in his Truth Social post.<\/p>\n<p>The news came after a meeting where Trump told reporters that NATO Secretary General Mark Rutte was doing a \u201cfantastic job\u201d and went out of his way to praise increased NATO-member defense spending.<\/p>\n<p>&#8220;Further information will be made available as discussions progress,&#8221; Trump added, noting that Vice President JD Vance, Secretary of State Marco Rubio, and Special Envoy Steve Witkoff would head up the talks.<\/p>\n<\/div>\n<\/div>\n<\/div>\n<\/div>\n<\/div>\n<\/li>\n<\/ul>\n<ul class=\"caas-liveblog-list\">\n<li id=\"6f8e4889-0f15-4f92-8b27-755cb59ebe6e\" class=\"caas-liveblogpost\" data-id=\"6f8e4889-0f15-4f92-8b27-755cb59ebe6e\" data-lmt=\"{&quot;utc&quot;:&quot;Thu, 22 Jan 2026 11:00:21 GMT&quot;,&quot;iso&quot;:&quot;2026-01-22T11:00:21.000Z&quot;,&quot;format&quot;:&quot;Thu, January 22, 2026 at 12:00 PM GMT+1&quot;,&quot;timestamp&quot;:1769079621000}\">\n<div class=\"liveblogposts-post\">\n<div class=\"post\">\n<div class=\"timeline-point no-pfp with-author-name\">\n<div class=\"circles\">\n<div class=\"oval-back\"><\/div>\n<div class=\"oval\"><\/div>\n<\/div>\n<\/div>\n<div class=\"timestamp-byline\"><time class=\"timestamp-most-recent liveblogpost-relative-time\" data-timestamp=\"1769079621000\" data-id=\"liveblog-timestamp-2\">Today at 12:00 PM GMT+1<\/time><\/p>\n<div class=\"byline-meta\">\n<div class=\"byline\">Bloomberg<\/div>\n<\/div>\n<\/div>\n<\/div>\n<div class=\"content-wrapper no-pfp with-author-name\">\n<div class=\"content-body\">\n<div class=\"content-block no-pfp with-author-name\">\n<h2 class=\"headline\">Rutte: Trump Greenland plan involved no sovereignty talk<\/h2>\n<div class=\"body\">\n<p>In an interview with Bloomberg News at the World Economic Forum in Davos, Secretary General of NATO, Mark Rutte, said a breakthrough over Greenland was secured after discussing with President Trump regional security in the Arctic region, which led Trump to abruptly drop his threat to impose fresh tariffs on European allies.<\/p>\n<p>The NATO chief added that the territory&#8217;s sovereignty was not discussed.<\/p>\n<p>Trump had started to make threats against the EU over the week, stating he would impose 10% tariffs, which would come into force on February 1, if they prevented his takeover of Greenland, this would rise to a further 25% in June.<\/p>\n<figure class=\"caas-figure\">\n<div class=\"caas-figure-with-pb\">\n<div>\n<div class=\"caas-img-container caas-img-lightbox\" data-lightbox-src=\"https:\/\/s.yimg.com\/ny\/api\/res\/1.2\/DoicLQn8TnAh6enJ4PjLSQ--\/YXBwaWQ9aGlnaGxhbmRlcjt3PTI0MDA7aD0xNjAwO2NmPXdlYnA-\/https:\/\/s.yimg.com\/os\/creatr-uploaded-images\/2026-01\/8509f6f0-f781-11f0-bd9f-341c5b4189ce\"><span class=\"caas-img-wrapper\"><img decoding=\"async\" class=\"caas-img caas-lazy has-preview caas-loaded\" src=\"https:\/\/s.yimg.com\/ny\/api\/res\/1.2\/ARqGHhU3uJJycL_VsLr4rQ--\/YXBwaWQ9aGlnaGxhbmRlcjt3PTEyODA7aD04NTQ7Y2Y9d2VicA--\/https:\/\/s.yimg.com\/os\/creatr-uploaded-images\/2026-01\/8509f6f0-f781-11f0-bd9f-341c5b4189ce\" alt=\"U.S. President Donald Trump meets with NATO Secretary General Mark Rutte at the NATO summit in The Hague in The Hague, Netherlands June 25, 2025. REUTERS\/Piroschka Van De Wouw\/Pool\" data-caas-lazy-loading-init=\"1\" \/><button class=\"link rapid-noclick-resp caas-lightbox\" aria-label=\"View larger image\" data-ylk=\"sec:image-lightbox;slk:lightbox-open;elm:expand;itc:1\" data-rapid_p=\"17\"><\/button><\/span><\/div>\n<\/div>\n<\/div>\n<div class=\"caption-wrapper caption-aligned-with-image\">\n<div class=\"caption-wrapper caption-aligned-with-image\"><\/div>\n<\/div><figcaption class=\"caption-collapse\" data-id=\"m-0\">U.S. President Donald Trump meets with NATO Secretary General Mark Rutte at the NATO summit in The Hague in The Hague, Netherlands June 25, 2025. REUTERS\/Piroschka Van De Wouw\/Pool<\/figcaption><\/figure>\n<p>Bloomberg News reports:<\/p>\n<div class=\"caas-pull-quote-wrapper caas-img caas-lazy caas-loaded\" data-src=\"\" data-caas-lazy-loading-init=\"1\">\n<blockquote class=\"caas-blockquote\"><p>The discussion centered on regional security in a \u201cpractical sense\u201d \u2014 and how to prevent Russia and China from accessing the semi-autonomous Danish territory, Secretary General Mark Rutte told Bloomberg News Editor-in-Chief John Micklethwait in an interview at the World Economic Forum in Davos, Switzerland.<\/p><\/blockquote>\n<\/div>\n<div class=\"caas-pull-quote-wrapper caas-img caas-lazy caas-loaded\" data-src=\"\" data-caas-lazy-loading-init=\"1\">\n<blockquote class=\"caas-blockquote\"><p>\u201cWhen it comes to the protection of the Arctic, with a priority on Greenland, we have to spend more energy, more time, more focus on this because we know the sea lanes are opening up,\u201d Rutte said. An American military presence was also not discussed, he said, though Denmark is \u201ccompletely open\u201d to an increased US footprint.<\/p><\/blockquote>\n<\/div>\n<div class=\"caas-pull-quote-wrapper caas-img caas-lazy caas-loaded\" data-src=\"\" data-caas-lazy-loading-init=\"1\">\n<blockquote class=\"caas-blockquote\"><p>Trump\u2019s ever-increasing appetite for control of Greenland, driven home through provocative claims and social-media memes, has alarmed transatlantic allies and prompted talk that the post-World War II North Atlantic alliance may finally be falling apart.<\/p><\/blockquote>\n<\/div>\n<div class=\"caas-pull-quote-wrapper caas-img caas-lazy caas-loaded\" data-src=\"\" data-caas-lazy-loading-init=\"1\">\n<blockquote class=\"caas-blockquote\"><p>Rutte, with his penchant for assuaging the US leader, has mounted a coordinated campaign to produce an agreement.<\/p><\/blockquote>\n<\/div>\n<div class=\"caas-pull-quote-wrapper caas-img caas-lazy caas-loaded\" data-src=\"\" data-caas-lazy-loading-init=\"1\">\n<blockquote class=\"caas-blockquote\"><p>The \u201cframework\u201d deal cited by Trump hours after his arrival at the Swiss ski resort on Wednesday is along the lines of the agreement produced last week in Washington, when a Danish delegation met with Vice President JD Vance and Secretary of State Marco Rubio, according to people familiar with the talks. That involved a working group to address US security concerns.<\/p><\/blockquote>\n<\/div>\n<div class=\"caas-pull-quote-wrapper caas-img caas-lazy caas-loaded\" data-src=\"\" data-caas-lazy-loading-init=\"1\">\n<blockquote class=\"caas-blockquote\"><p><strong>Collision Course<\/strong><\/p><\/blockquote>\n<\/div>\n<div class=\"caas-pull-quote-wrapper caas-img caas-lazy caas-loaded\" data-src=\"\" data-caas-lazy-loading-init=\"1\">\n<blockquote class=\"caas-blockquote\"><p>Whether the deal in Davos \u2014 announced on social media after Trump\u2019s meeting with Rutte \u2014 was already on the table, the result was that Trump abruptly dropped his threat to impose fresh tariffs on European allies. That stance had put the US administration on a collision course with transatlantic partners, drawing attention away from matters including Russia\u2019s war on Ukraine.<\/p><\/blockquote>\n<\/div>\n<div class=\"caas-pull-quote-wrapper caas-img caas-lazy caas-loaded\" data-src=\"\" data-caas-lazy-loading-init=\"1\">\n<blockquote class=\"caas-blockquote\"><p>Part of the talks in Washington focused on refreshing a 1951 agreement that gave the US military wide latitude to defend Greenland in the context of NATO, the people said, speaking on condition anonymity as talks take place behind closed doors.<\/p><\/blockquote>\n<\/div>\n<div class=\"caas-pull-quote-wrapper caas-img caas-lazy caas-loaded\" data-src=\"\" data-caas-lazy-loading-init=\"1\">\n<blockquote class=\"caas-blockquote\"><p>The icebound territory has become crucial to the alliance\u2019s interests in the Arctic region. Trump had framed his claim as a way to defend the island against threats from Russia and China, a strategic point that NATO leaders have echoed.<\/p><\/blockquote>\n<\/div>\n<p><em>Read more here.<\/em><\/p>\n<\/div>\n<\/div>\n<\/div>\n<\/div>\n<\/div>\n<\/li>\n<li id=\"8bd8d98e-3675-4fab-98bf-ae09632363dd\" class=\"caas-liveblogpost\" data-id=\"8bd8d98e-3675-4fab-98bf-ae09632363dd\" data-lmt=\"{&quot;utc&quot;:&quot;Thu, 22 Jan 2026 09:25:34 GMT&quot;,&quot;iso&quot;:&quot;2026-01-22T09:25:34.000Z&quot;,&quot;format&quot;:&quot;Thu, January 22, 2026 at 10:25 AM GMT+1&quot;,&quot;timestamp&quot;:1769073934000}\">\n<div class=\"liveblogposts-post\">\n<div class=\"post\">\n<div class=\"timeline-point no-pfp with-author-name\">\n<div class=\"circles\">\n<div class=\"oval-back\"><\/div>\n<div class=\"oval\"><\/div>\n<\/div>\n<\/div>\n<div class=\"timestamp-byline\"><time class=\"timestamp-most-recent liveblogpost-relative-time\" data-timestamp=\"1769073934000\" data-id=\"liveblog-timestamp-3\">Today at 10:25 AM GMT+1<\/time><\/p>\n<div class=\"byline-meta\">\n<div class=\"byline\">Bloomberg<\/div>\n<\/div>\n<\/div>\n<\/div>\n<div class=\"content-wrapper no-pfp with-author-name\">\n<div class=\"content-body\">\n<div class=\"content-block no-pfp with-author-name\">\n<h2 class=\"headline\">Japan\u2019s exports rise in 2025 despite drag from US tariffs<\/h2>\n<div class=\"body\">\n<figure class=\"caas-figure\">\n<div class=\"caas-figure-with-pb\">\n<div>\n<div class=\"caas-img-container caas-img-lightbox\" data-lightbox-src=\"https:\/\/s.yimg.com\/ny\/api\/res\/1.2\/ztsEBGkbW69f6SuH_GEeIw--\/YXBwaWQ9aGlnaGxhbmRlcjt3PTI0MDA7aD0xNjAwO2NmPXdlYnA-\/https:\/\/s.yimg.com\/os\/creatr-uploaded-images\/2026-01\/49303b10-f774-11f0-aeef-92a153f569f2\"><span class=\"caas-img-wrapper\"><img decoding=\"async\" class=\"caas-img caas-lazy has-preview caas-loaded\" src=\"https:\/\/s.yimg.com\/ny\/api\/res\/1.2\/2ggKFQ.LlxhaimPJ9kaA5A--\/YXBwaWQ9aGlnaGxhbmRlcjt3PTEyODA7aD04NTQ7Y2Y9d2VicA--\/https:\/\/s.yimg.com\/os\/creatr-uploaded-images\/2026-01\/49303b10-f774-11f0-aeef-92a153f569f2\" alt=\"FILE - A container port is seen from a helicopter in Tokyo, Oct. 29, 2025. (AP Photo\/Mark Schiefelbein, File)\" data-caas-lazy-loading-init=\"1\" \/><button class=\"link rapid-noclick-resp caas-lightbox\" aria-label=\"View larger image\" data-ylk=\"sec:image-lightbox;slk:lightbox-open;elm:expand;itc:1\" data-rapid_p=\"19\"><\/button><\/span><\/div>\n<\/div>\n<\/div>\n<div class=\"caption-wrapper caption-aligned-with-image\">\n<div class=\"caption-wrapper caption-aligned-with-image\"><\/div>\n<\/div><figcaption class=\"caption-collapse\" data-id=\"m-1\">FILE &#8211; A container port is seen from a helicopter in Tokyo, Oct. 29, 2025. (AP Photo\/Mark Schiefelbein, File)<\/figcaption><\/figure>\n<p>Bloomberg News reports:<\/p>\n<div class=\"caas-pull-quote-wrapper caas-img caas-lazy caas-loaded\" data-src=\"\" data-caas-lazy-loading-init=\"1\">\n<blockquote class=\"caas-blockquote\"><p>Japan\u2019s exports managed to rise last year despite the first fall in shipments to the US since the pandemic, in a year that was roiled by tariffs from President Donald Trump.<\/p><\/blockquote>\n<\/div>\n<div class=\"caas-pull-quote-wrapper caas-img caas-lazy caas-loaded\" data-src=\"\" data-caas-lazy-loading-init=\"1\">\n<blockquote class=\"caas-blockquote\"><p>Overall exports gained 3.1% in 2025 from the previous year, led by electronic parts and food, the Finance Ministry reported Thursday. While exports to Europe and Asia excluding China remained solid, shipments to the US fell 4.1% led by cars and chip-making machinery, marking the worst decline since 2016 excluding the impact from the pandemic. Shipments to China declined 0.4%.<\/p><\/blockquote>\n<\/div>\n<div class=\"caas-pull-quote-wrapper caas-img caas-lazy caas-loaded\" data-src=\"\" data-caas-lazy-loading-init=\"1\">\n<blockquote class=\"caas-blockquote\"><p>On a monthly basis, Japan\u2019s exports rose for a fourth consecutive month in December as Chinese demand held steady despite an ongoing diplomatic dispute that began last year. But shipments to the US dropped, led by cars.<\/p><\/blockquote>\n<\/div>\n<p><em>Read more here<\/em><em>.<\/em><\/p>\n<\/div>\n<\/div>\n<\/div>\n<\/div>\n<\/div>\n<\/li>\n<li id=\"94507413-78e6-4b81-aa52-e81d341222aa\" class=\"caas-liveblogpost\" data-id=\"94507413-78e6-4b81-aa52-e81d341222aa\" data-lmt=\"{&quot;utc&quot;:&quot;Thu, 22 Jan 2026 09:26:01 GMT&quot;,&quot;iso&quot;:&quot;2026-01-22T09:26:01.000Z&quot;,&quot;format&quot;:&quot;Thu, January 22, 2026 at 10:26 AM GMT+1&quot;,&quot;timestamp&quot;:1769073961000}\">\n<div class=\"liveblogposts-post\">\n<div class=\"post\">\n<div class=\"timeline-point no-pfp with-author-name\">\n<div class=\"circles\">\n<div class=\"oval-back\"><\/div>\n<div class=\"oval\"><\/div>\n<\/div>\n<\/div>\n<div class=\"timestamp-byline\"><time class=\"timestamp-most-recent liveblogpost-relative-time\" data-timestamp=\"1769073710000\" data-id=\"liveblog-timestamp-4\">Today at 10:21 AM GMT+1<\/time><\/p>\n<div class=\"byline-meta\">\n<div class=\"byline\">Bloomberg<\/div>\n<\/div>\n<\/div>\n<\/div>\n<div class=\"content-wrapper no-pfp with-author-name\">\n<div class=\"content-body\">\n<div class=\"content-block no-pfp with-author-name\">\n<h2 class=\"headline\">Latin America rides out Trump\u2019s trade storm with help from China<\/h2>\n<div class=\"body\">\n<p>President Trump&#8217;s tariffs have roiled markets and countries, but Latin America&#8217;s exports appear to have remained unscathed.<\/p>\n<p>Argentina reported on Tuesday its second-highest exports for 2025. Brazil and Chile were not far off and reported this month that their own exports hit records in 2025. Mexico and Peru will soon release their figures, and experts believe it too will be a hit.<\/p>\n<p>As Europe deals with renewed tariff threats from Trump, Latin America is heading into 2026 in a better position to withstand any further trade shocks from Washington. Latin American exporters are now benefiting from better logistics, sending shipments to emerging markets and improved relations with China<\/p>\n<figure class=\"caas-figure\">\n<div class=\"caas-figure-with-pb\">\n<div>\n<div class=\"caas-img-container caas-img-lightbox\" data-lightbox-src=\"https:\/\/s.yimg.com\/ny\/api\/res\/1.2\/Bd8hN.lsYjDFHd2qoNRtcA--\/YXBwaWQ9aGlnaGxhbmRlcjt3PTI0MDA7aD0xNTUyO2NmPXdlYnA-\/https:\/\/s.yimg.com\/os\/creatr-uploaded-images\/2026-01\/61104000-f773-11f0-9dff-ede0c075fa3d\"><span class=\"caas-img-wrapper\"><img decoding=\"async\" class=\"caas-img caas-lazy has-preview caas-loaded\" src=\"https:\/\/s.yimg.com\/ny\/api\/res\/1.2\/ks.vrOcJPL6di2JO2_nQUg--\/YXBwaWQ9aGlnaGxhbmRlcjt3PTEyODA7aD04Mjg7Y2Y9d2VicA--\/https:\/\/s.yimg.com\/os\/creatr-uploaded-images\/2026-01\/61104000-f773-11f0-9dff-ede0c075fa3d\" alt=\"Farmers harvest soybeans in Argentina's town of Estacion Islas April 3, 2010. Argentina will formally complain on Monday to China over Beijing's plans to block soy oil imports from the South American country, the foreign ministry said early on Saturday. Foreign Minister Jorge Taiana has called Chinese Ambassador Zeng Gang for a meeting where he will express that the Argentine government is \" data-caas-lazy-loading-init=\"1\" \/><button class=\"link rapid-noclick-resp caas-lightbox\" aria-label=\"View larger image\" data-ylk=\"sec:image-lightbox;slk:lightbox-open;elm:expand;itc:1\" data-rapid_p=\"22\"><\/button><\/span><\/div>\n<\/div>\n<\/div>\n<div class=\"caption-wrapper caption-aligned-with-image\">\n<div class=\"caption-wrapper caption-aligned-with-image\"><\/div>\n<\/div><figcaption class=\"caption-collapse\" data-id=\"m-2\">Farmers harvest soybeans in Argentina&#8217;s town of Estacion Islas April 3, 2010. REUTERS\/Enrique Marcarian (ARGENTINA &#8211; Tags: AGRICULTURE BUSINESS POLITICS ENVIRONMENT)<\/figcaption><\/figure>\n<p>Bloomberg News reports:<\/p>\n<div class=\"caas-pull-quote-wrapper caas-img caas-lazy caas-loaded\" data-src=\"\" data-caas-lazy-loading-init=\"1\">\n<blockquote class=\"caas-blockquote\"><p>The world\u2019s second-largest economy is snapping up the region\u2019s commodity exports, such as soybeans, copper and iron ore.<\/p><\/blockquote>\n<\/div>\n<div class=\"caas-pull-quote-wrapper caas-img caas-lazy caas-loaded\" data-src=\"\" data-caas-lazy-loading-init=\"1\">\n<blockquote class=\"caas-blockquote\"><p>\u201cStrong export performance last year looks counter-intuitive given the tariff noise, but it was driven by a combination of increasing prices, volumes and geopolitics,\u201d said Andres Abadia, chief Latin America economist at Pantheon Macroeconomics. \u201cKey exports in the region should remain relatively resilient.\u201d<\/p><\/blockquote>\n<\/div>\n<div class=\"caas-pull-quote-wrapper caas-img caas-lazy\" data-src=\"\">\n<blockquote class=\"caas-blockquote\"><p>Latin America has hurdled to the forefront of global geopolitics as Trump\u2019s administration aggressively seeks to assert its influence across the Western Hemisphere. When it comes to trade, the reality on the ground in most of the region\u2019s countries is that China is more entrenched than ever.<\/p><\/blockquote>\n<\/div>\n<div class=\"caas-pull-quote-wrapper caas-img caas-lazy\" data-src=\"\">\n<blockquote class=\"caas-blockquote\"><p><strong>China\u2019s Diversification<\/strong><\/p><\/blockquote>\n<\/div>\n<div class=\"caas-pull-quote-wrapper caas-img caas-lazy\" data-src=\"\">\n<blockquote class=\"caas-blockquote\"><p>The regional trade shift in 2025 was especially visible in food and agricultural goods. China\u2019s efforts to diversify sourcing boosted shipments of frozen Brazilian beef, which climbed nearly 50% from a year earlier. Greater soybean purchases from Argentina, spurred by a temporary suspension of export taxes, helped offset reduced US supply amid ongoing trade frictions.<\/p><\/blockquote>\n<\/div>\n<p><em>Read more here.<\/em><\/p>\n<\/div>\n<\/div>\n<\/div>\n<\/div>\n<\/div>\n<\/li>\n<li id=\"2fca5197-0445-4c92-ab07-8cc5b5e58ce8\" class=\"caas-liveblogpost\" data-id=\"2fca5197-0445-4c92-ab07-8cc5b5e58ce8\" data-lmt=\"{&quot;utc&quot;:&quot;Wed, 21 Jan 2026 15:47:17 GMT&quot;,&quot;iso&quot;:&quot;2026-01-21T15:47:17.000Z&quot;,&quot;format&quot;:&quot;Wed, January 21, 2026 at 4:47 PM GMT+1&quot;,&quot;timestamp&quot;:1769010437000}\">\n<div class=\"liveblogposts-post\">\n<div class=\"post\">\n<div class=\"timeline-point no-pfp with-author-name\">\n<div class=\"circles\">\n<div class=\"oval-back\"><\/div>\n<div class=\"oval\"><\/div>\n<\/div>\n<\/div>\n<div class=\"timestamp-byline\"><time class=\"timestamp-most-recent liveblogpost-relative-time\" data-timestamp=\"1769010437000\" data-id=\"liveblog-timestamp-5\">Wed, January 21, 2026 at 4:47 PM GMT+1<\/time><\/p>\n<div class=\"byline-meta\">\n<div class=\"byline\">Bloomberg<\/div>\n<\/div>\n<\/div>\n<\/div>\n<div class=\"content-wrapper no-pfp with-author-name\">\n<div class=\"content-body\">\n<div class=\"content-block no-pfp with-author-name\">\n<h2 class=\"headline\">EU freezes US trade deal approval over Greenland threats<\/h2>\n<div class=\"body\">\n<p>Bloomberg News reports:<\/p>\n<div class=\"caas-pull-quote-wrapper caas-img caas-lazy caas-loaded\" data-src=\"\" data-caas-lazy-loading-init=\"1\">\n<blockquote class=\"caas-blockquote\"><p>A trade deal between the US and European Union is on hold after the European Parliament decided to freeze a ratification vote in response to President Donald Trump\u2019s escalating threats to seize Greenland.<\/p><\/blockquote>\n<\/div>\n<div class=\"caas-pull-quote-wrapper caas-img caas-lazy caas-loaded\" data-src=\"\" data-caas-lazy-loading-init=\"1\">\n<blockquote class=\"caas-blockquote\"><p>The Parliament\u2019s trade committee postponed the vote indefinitely on Wednesday, casting doubt on whether the pact will ever get across the finish line.<\/p><\/blockquote>\n<\/div>\n<div class=\"caas-pull-quote-wrapper caas-img caas-lazy caas-loaded\" data-src=\"\" data-caas-lazy-loading-init=\"1\">\n<blockquote class=\"caas-blockquote\"><p>The deal has been swept into the deepening crisis between the EU and US over Greenland, which has brought the transatlantic alliance to the brink of rupture. Trump is currently vowing to slap tariffs on several European countries until he is allowed to buy the island, a Danish territory.<\/p><\/blockquote>\n<\/div>\n<div class=\"caas-pull-quote-wrapper caas-img caas-lazy caas-loaded\" data-src=\"\" data-caas-lazy-loading-init=\"1\">\n<blockquote class=\"caas-blockquote\"><p>\u201cBy threatening the territorial integrity and sovereignty of an EU member state and by using tariffs as a coercive instrument, the US is undermining the stability and predictability of EU-US trade relations,\u201d said Bernd Lange, chair of Parliament\u2019s trade committee, in a statement.<\/p><\/blockquote>\n<\/div>\n<div class=\"caas-pull-quote-wrapper caas-img caas-lazy caas-loaded\" data-src=\"\" data-caas-lazy-loading-init=\"1\">\n<blockquote class=\"caas-blockquote\"><p>\u201cWe have been left with no alternative but to suspend work\u201d on the trade deal, Lange added, \u201cuntil the US decides to reengage on a path of cooperation rather than confrontation.\u201d<\/p><\/blockquote>\n<\/div>\n<div class=\"caas-pull-quote-wrapper caas-img caas-lazy caas-loaded\" data-src=\"\" data-caas-lazy-loading-init=\"1\">\n<blockquote class=\"caas-blockquote\"><p>The tariff threat, which Trump made over the weekend, prompted EU lawmakers to reconsider their expected ratification vote on the US trade deal, which was struck with Washington last July. The agreement set a 15% tariff on most EU goods in exchange for a pledge to erase all tariffs on US industrial goods and some agricultural products. The pact was partially implemented but still needs Parliament\u2019s approval to be finalized.<\/p><\/blockquote>\n<\/div>\n<div class=\"caas-pull-quote-wrapper caas-img caas-lazy caas-loaded\" data-src=\"\" data-caas-lazy-loading-init=\"1\">\n<blockquote class=\"caas-blockquote\"><p>At the time, the EU concessions were seen as an effort to avoid a full-blown trade war with Trump and to maintain US security guarantees for the continent as Russia waged its war in Ukraine.<\/p><\/blockquote>\n<\/div>\n<p><em>Read more here.<\/em><\/p>\n<\/div>\n<\/div>\n<\/div>\n<\/div>\n<\/div>\n<\/li>\n<li id=\"ec21e0ef-f4e1-454a-ae40-6076b2b20ab6\" class=\"caas-liveblogpost\" data-id=\"ec21e0ef-f4e1-454a-ae40-6076b2b20ab6\" data-lmt=\"{&quot;utc&quot;:&quot;Wed, 21 Jan 2026 15:19:03 GMT&quot;,&quot;iso&quot;:&quot;2026-01-21T15:19:03.000Z&quot;,&quot;format&quot;:&quot;Wed, January 21, 2026 at 4:19 PM GMT+1&quot;,&quot;timestamp&quot;:1769008743000}\">\n<div class=\"liveblogposts-post\">\n<div class=\"post\">\n<div class=\"timeline-point  with-author-name\"><img decoding=\"async\" class=\"avatar\" src=\"https:\/\/o.aolcdn.com\/images\/dims?image_uri=https%3A%2F%2Fs.yimg.com%2Fos%2Fcreatr-uploaded-images%2F2019-08%2F36118300-c417-11e9-b3a3-135760195748&amp;compress=1&amp;progressive=1&amp;quality=75&amp;client=hawkeye&amp;signature=4d2f3e0cb5fbdb522dc15f4c4881f3c11f1dc917\" \/><\/div>\n<div class=\"timestamp-byline\"><time class=\"timestamp-most-recent liveblogpost-relative-time\" data-timestamp=\"1769008743000\" data-id=\"liveblog-timestamp-6\">Wed, January 21, 2026 at 4:19 PM GMT+1<\/time><\/p>\n<div class=\"byline-meta\">\n<div class=\"byline\">Ben Werschkul<\/div>\n<\/div>\n<\/div>\n<\/div>\n<div class=\"content-wrapper  with-author-name\">\n<div class=\"content-body\">\n<div class=\"content-block  with-author-name\">\n<h2 class=\"headline\">&#8216;You all follow us down and you follow us up&#8217;: Trump rebuts talk that world can decouple from US<\/h2>\n<div class=\"body\">\n<p>President Trump traveled to Davos on Wednesday and began with a combative message to Europe: You may not like what the US is doing, but you can\u2019t ignore us.<\/p>\n<p>The president opened his speech at the World Economic Forum outlining what he described as an economic miracle in the US and said that it is good news for Europe because the \u201cUSA is the economic engine on the planet.\u201d<\/p>\n<p>\u201cWhen America booms, the entire world booms,\u201d Trump said. \u201cIt&#8217;s been the history &#8230; you all follow us down, and you follow us up.\u201d<\/p>\n<p>The pointed comments came in addition to an extended discussion of Greenland and appeared to be a direct response to Canadian Prime Minister Mark Carney, who spoke at Davos on Tuesday with a pointed speech of his own in which he called a rules-based order led by the United States &#8220;a pleasant fiction.&#8221;<\/p>\n<p>Carney sketched out a future in which Canada, Europe, and other smaller nations could be aligned without the US.<\/p>\n<p>Without calling out Trump by name, Carney called on both companies and countries to make their own path when, as he put it, &#8220;great powers abandon even the pretense of rules and values for the unhindered pursuit of their power and interest.&#8221;<\/p>\n<p>Trump ripped Carney\u2019s speech, calling it &#8220;ungrateful.&#8221;<\/p>\n<p>\u201cCanada lives because of the United States,\u201d Trump said. \u201cRemember that, Mark, next time you make your statements.\u201d<\/p>\n<\/div>\n<\/div>\n<\/div>\n<\/div>\n<\/div>\n<\/li>\n<li id=\"2c89c886-b1b9-4d5c-a715-1ec347ba2b14\" class=\"caas-liveblogpost\" data-id=\"2c89c886-b1b9-4d5c-a715-1ec347ba2b14\" data-lmt=\"{&quot;utc&quot;:&quot;Wed, 21 Jan 2026 15:34:26 GMT&quot;,&quot;iso&quot;:&quot;2026-01-21T15:34:26.000Z&quot;,&quot;format&quot;:&quot;Wed, January 21, 2026 at 4:34 PM GMT+1&quot;,&quot;timestamp&quot;:1769009666000}\">\n<div class=\"liveblogposts-post\">\n<div class=\"post\">\n<div class=\"timeline-point  with-author-name\"><img decoding=\"async\" class=\"avatar\" src=\"https:\/\/o.aolcdn.com\/images\/dims?image_uri=https%3A%2F%2Fo.aolcdn.com%2Fimages%2Fdims%3Fimage_uri%3Dhttps%253A%252F%252Fs.yimg.com%252Fos%252Fcreatr-uploaded-images%252F2024-10%252F82cf5f80-8bd8-11ef-babf-b4e662504245%26compress%3D1%26progressive%3D1%26quality%3D75%26client%3Dhawkeye%26signature%3Deba9c6bf409177b1a8c7fa8257231200b686e99c&amp;compress=1&amp;progressive=1&amp;quality=75&amp;client=hawkeye&amp;signature=839dce8d897765d2f2bd1f7dbbf52134bb20dcb4\" \/><\/div>\n<div class=\"timestamp-byline\"><time class=\"timestamp-most-recent liveblogpost-relative-time\" data-timestamp=\"1769001477000\" data-id=\"liveblog-timestamp-7\">Wed, January 21, 2026 at 2:17 PM GMT+1<\/time><\/p>\n<div class=\"byline-meta\">\n<div class=\"byline\">Jenny McCall<\/div>\n<\/div>\n<\/div>\n<\/div>\n<div class=\"content-wrapper  with-author-name\">\n<div class=\"content-body\">\n<div class=\"content-block  with-author-name\">\n<h2 class=\"headline\">JPMorgan CEO Dimon on tariffs: &#8216;I don&#8217;t think, in general, it&#8217;s a good idea&#8217;<\/h2>\n<div class=\"body\">\n<figure class=\"caas-figure\">\n<div class=\"caas-figure-with-pb\">\n<div>\n<div class=\"caas-img-container caas-img-lightbox\" data-lightbox-src=\"https:\/\/s.yimg.com\/ny\/api\/res\/1.2\/dt8vfyltk.NLTRWtV2pXIQ--\/YXBwaWQ9aGlnaGxhbmRlcjt3PTI0MDA7aD0xNjAwO2NmPXdlYnA-\/https:\/\/s.yimg.com\/os\/creatr-uploaded-images\/2026-01\/3c0b1a80-f6cb-11f0-bf3f-e61952a13eee\"><span class=\"caas-img-wrapper\"><img decoding=\"async\" class=\"caas-img caas-lazy has-preview caas-loaded\" src=\"https:\/\/s.yimg.com\/ny\/api\/res\/1.2\/LokLNRiCfkmAGHgB6bjS8w--\/YXBwaWQ9aGlnaGxhbmRlcjt3PTEyODA7aD04NTQ7Y2Y9d2VicA--\/https:\/\/s.yimg.com\/os\/creatr-uploaded-images\/2026-01\/3c0b1a80-f6cb-11f0-bf3f-e61952a13eee\" alt=\"The CEO of JPMorgan Chase, Jamie Dimon, attends the 56th annual World Economic Forum (WEF) meeting in Davos, Switzerland, January 21, 2026. REUTERS\/Denis Balibouse\" data-caas-lazy-loading-init=\"1\" \/><button class=\"link rapid-noclick-resp caas-lightbox\" aria-label=\"View larger image\" data-ylk=\"sec:image-lightbox;slk:lightbox-open;elm:expand;itc:1\" data-rapid_p=\"26\"><\/button><\/span><\/div>\n<\/div>\n<\/div>\n<div class=\"caption-wrapper caption-aligned-with-image\">\n<div class=\"caption-wrapper caption-aligned-with-image\"><\/div>\n<\/div><figcaption class=\"caption-collapse\" data-id=\"m-3\">The CEO of JPMorgan Chase, Jamie Dimon, attends the 56th annual World Economic Forum (WEF) meeting in Davos, Switzerland, January 21, 2026. REUTERS\/Denis Balibouse<\/figcaption><\/figure>\n<p>JPMorgan (JPM) CEO Jamie Dimon spoke out about tariffs at the World Economic Forum in Davos on Wednesday.<\/p>\n<p>Dimon said he doesn&#8217;t think tariffs in &#8220;general are a good idea.&#8221;<\/p>\n<p>&#8220;I&#8217;m not a tariff guy. I don&#8217;t think, in general, it&#8217;s a good idea,&#8221; Dimon said.<\/p>\n<p>The JPMorgan CEO did say there are times when tariffs are acceptable.<\/p>\n<p>&#8220;There are three parts to trade, and some require tariffs. One part is national security, and we should do what we have to do around national security, around rare earths, and pharmaceutical ingredients and some that may require policy that is not typical, like tariffs.<\/p>\n<p>Dimon said companies can not succeed if there are no barriers, quotas, tariffs or pay-for-play.<\/p>\n<p>&#8220;The second one is unfair trade, and I just don&#8217;t think furniture or t-shirts are important trade, but there is unfair trade. If you are subsidizing China in this case, and anyone who tries to compete is gonna get sunk because of subsidies, then you should counter that with quotas or tariffs.&#8221;<\/p>\n<p><em>Watch here.<\/em><\/p>\n<\/div>\n<\/div>\n<\/div>\n<\/div>\n<\/div>\n<\/li>\n<li id=\"9b7e48de-0d18-4b49-b6b4-db781fe6b64d\" class=\"caas-liveblogpost\" data-id=\"9b7e48de-0d18-4b49-b6b4-db781fe6b64d\" data-lmt=\"{&quot;utc&quot;:&quot;Wed, 21 Jan 2026 15:40:46 GMT&quot;,&quot;iso&quot;:&quot;2026-01-21T15:40:46.000Z&quot;,&quot;format&quot;:&quot;Wed, January 21, 2026 at 4:40 PM GMT+1&quot;,&quot;timestamp&quot;:1769010046000}\">\n<div class=\"liveblogposts-post\">\n<div class=\"post\">\n<div class=\"timeline-point  with-author-name\"><img decoding=\"async\" class=\"avatar\" src=\"https:\/\/o.aolcdn.com\/images\/dims?image_uri=https%3A%2F%2Fo.aolcdn.com%2Fimages%2Fdims%3Fimage_uri%3Dhttps%253A%252F%252Fs.yimg.com%252Fos%252Fcreatr-uploaded-images%252F2024-10%252F82cf5f80-8bd8-11ef-babf-b4e662504245%26compress%3D1%26progressive%3D1%26quality%3D75%26client%3Dhawkeye%26signature%3Deba9c6bf409177b1a8c7fa8257231200b686e99c&amp;compress=1&amp;progressive=1&amp;quality=75&amp;client=hawkeye&amp;signature=839dce8d897765d2f2bd1f7dbbf52134bb20dcb4\" \/><\/div>\n<div class=\"timestamp-byline\"><time class=\"timestamp-most-recent liveblogpost-relative-time\" data-timestamp=\"1768999933000\" data-id=\"liveblog-timestamp-8\">Wed, January 21, 2026 at 1:52 PM GMT+1<\/time><\/p>\n<div class=\"byline-meta\">\n<div class=\"byline\">Jenny McCall<\/div>\n<\/div>\n<\/div>\n<\/div>\n<div class=\"content-wrapper  with-author-name\">\n<div class=\"content-body\">\n<div class=\"content-block  with-author-name\">\n<h2 class=\"headline\">Trump arrives in Davos as Greenland spat continues<\/h2>\n<div class=\"body\">\n<figure class=\"caas-figure\">\n<div class=\"caas-figure-with-pb\">\n<div>\n<div class=\"caas-img-container caas-img-lightbox\" data-lightbox-src=\"https:\/\/s.yimg.com\/ny\/api\/res\/1.2\/qCSuHBXVC4aJn61SGKe6Gw--\/YXBwaWQ9aGlnaGxhbmRlcjt3PTI0MDA7aD0xNjAwO2NmPXdlYnA-\/https:\/\/s.yimg.com\/os\/creatr-uploaded-images\/2026-01\/c9621ae0-f6c7-11f0-b9bf-e8f4e9177693\"><span class=\"caas-img-wrapper\"><img decoding=\"async\" class=\"caas-img caas-lazy has-preview caas-loaded\" src=\"https:\/\/s.yimg.com\/ny\/api\/res\/1.2\/j.V7s0uvPla9XysV1jT2ew--\/YXBwaWQ9aGlnaGxhbmRlcjt3PTEyODA7aD04NTQ7Y2Y9d2VicA--\/https:\/\/s.yimg.com\/os\/creatr-uploaded-images\/2026-01\/c9621ae0-f6c7-11f0-b9bf-e8f4e9177693\" alt=\"El presidente de Estados Unidos, Donald Trump, desembarca del Air Force One de camino al Foro Econ\u00f3mico Mundial de Davos, en el Aeropuerto Internacional de Z\u00farich, en Z\u00farich, Suiza, el 21 de enero de 2026. REUTERS\/Jonathan Ernst\" data-caas-lazy-loading-init=\"1\" \/><button class=\"link rapid-noclick-resp caas-lightbox\" aria-label=\"View larger image\" data-ylk=\"sec:image-lightbox;slk:lightbox-open;elm:expand;itc:1\" data-rapid_p=\"29\" data-v9y=\"1\"><\/button><\/span><\/div>\n<\/div>\n<\/div>\n<div class=\"caption-wrapper caption-aligned-with-image\">\n<div class=\"caption-wrapper caption-aligned-with-image\"><\/div>\n<\/div><figcaption class=\"caption-collapse\" data-id=\"m-4\">President Donald Trump arrives in Davos, Switzerland on Wednesday, 21 January 2026 REUTERS\/Jonathan Ernst<\/figcaption><\/figure>\n<p>President Trump has officially landed in Davos, Switzerland, for the World Economic Forum. Trump&#8217;s flight was delayed after Air Force One reported a minor mechanical problem.<\/p>\n<p>Trump plans to have meetings with various parties and will give a speech at Davos today.<\/p>\n<p>The US President&#8217;s Davos address comes as markets and some US allies have raised concerns about his pursuit of Greenland.<\/p>\n<\/div>\n<\/div>\n<\/div>\n<\/div>\n<\/div>\n<\/li>\n<li id=\"5a213cf8-1b0c-4c22-b590-f0c948b30ef4\" class=\"caas-liveblogpost\" data-id=\"5a213cf8-1b0c-4c22-b590-f0c948b30ef4\" data-lmt=\"{&quot;utc&quot;:&quot;Wed, 21 Jan 2026 11:24:30 GMT&quot;,&quot;iso&quot;:&quot;2026-01-21T11:24:30.000Z&quot;,&quot;format&quot;:&quot;Wed, January 21, 2026 at 12:24 PM GMT+1&quot;,&quot;timestamp&quot;:1768994670000}\">\n<div class=\"liveblogposts-post\">\n<div class=\"post\">\n<div class=\"timeline-point  with-author-name\"><img decoding=\"async\" class=\"avatar\" src=\"https:\/\/o.aolcdn.com\/images\/dims?image_uri=https%3A%2F%2Fo.aolcdn.com%2Fimages%2Fdims%3Fimage_uri%3Dhttps%253A%252F%252Fs.yimg.com%252Fos%252Fcreatr-uploaded-images%252F2024-10%252F82cf5f80-8bd8-11ef-babf-b4e662504245%26compress%3D1%26progressive%3D1%26quality%3D75%26client%3Dhawkeye%26signature%3Deba9c6bf409177b1a8c7fa8257231200b686e99c&amp;compress=1&amp;progressive=1&amp;quality=75&amp;client=hawkeye&amp;signature=839dce8d897765d2f2bd1f7dbbf52134bb20dcb4\" \/><\/div>\n<div class=\"timestamp-byline\"><time class=\"timestamp-most-recent liveblogpost-relative-time\" data-timestamp=\"1768994670000\" data-id=\"liveblog-timestamp-9\">Wed, January 21, 2026 at 12:24 PM GMT+1<\/time><\/p>\n<div class=\"byline-meta\">\n<div class=\"byline\">Jenny McCall<\/div>\n<\/div>\n<\/div>\n<\/div>\n<div class=\"content-wrapper  with-author-name\">\n<div class=\"content-body\">\n<div class=\"content-block  with-author-name\">\n<h2 class=\"headline\">EU \u2018fully prepared\u2019 to hit back over Trump\u2019s Greenland tariffs<\/h2>\n<div class=\"body\">\n<figure class=\"caas-figure\">\n<div class=\"caas-figure-with-pb\">\n<div>\n<div class=\"caas-img-container caas-img-lightbox\" data-lightbox-src=\"https:\/\/s.yimg.com\/ny\/api\/res\/1.2\/xNc6U9sMc3fgmSkc81up2Q--\/YXBwaWQ9aGlnaGxhbmRlcjt3PTI0MDA7aD0xNjAwO2NmPXdlYnA-\/https:\/\/s.yimg.com\/os\/creatr-uploaded-images\/2026-01\/1a5e16f0-f5f2-11f0-be8e-782d442bc78f\"><span class=\"caas-img-wrapper\"><img decoding=\"async\" class=\"caas-img caas-lazy has-preview caas-loaded\" src=\"https:\/\/s.yimg.com\/ny\/api\/res\/1.2\/HyndhEq6pSCr0Bvc9.4gDA--\/YXBwaWQ9aGlnaGxhbmRlcjt3PTEyODA7aD04NTQ7Y2Y9d2VicA--\/https:\/\/s.yimg.com\/os\/creatr-uploaded-images\/2026-01\/1a5e16f0-f5f2-11f0-be8e-782d442bc78f\" alt=\"President of the European Commission Ursula von der Leyen talks during the Annual Meeting of the World Economic Forum in Davos, Switzerland, Tuesday, Jan. 20, 2026. (AP Photo\/Markus Schreiber)\" data-caas-lazy-loading-init=\"1\" \/><button class=\"link rapid-noclick-resp caas-lightbox\" aria-label=\"View larger image\" data-ylk=\"sec:image-lightbox;slk:lightbox-open;elm:expand;itc:1\" data-rapid_p=\"30\" data-v9y=\"1\"><\/button><\/span><\/div>\n<\/div>\n<\/div>\n<div class=\"caption-wrapper caption-aligned-with-image\">\n<div class=\"caption-wrapper caption-aligned-with-image\"><\/div>\n<\/div><figcaption class=\"caption-collapse\" data-id=\"m-5\">President of the European Commission Ursula von der Leyen talks during the Annual Meeting of the World Economic Forum in Davos, Switzerland, Tuesday, Jan. 20, 2026. (AP Photo\/Markus Schreiber)<\/figcaption><\/figure>\n<p>Bloomberg News reports:<\/p>\n<div class=\"caas-pull-quote-wrapper caas-img caas-lazy caas-loaded\" data-src=\"\" data-caas-lazy-loading-init=\"1\">\n<blockquote class=\"caas-blockquote\"><p>The European Union is ready to strike back at Donald Trump over his tariff threats as he seeks to take Greenland, European Commission President Ursula von der Leyen said, toughening her rhetoric against the US president.<\/p><\/blockquote>\n<\/div>\n<div class=\"caas-pull-quote-wrapper caas-img caas-lazy caas-loaded\" data-src=\"\" data-caas-lazy-loading-init=\"1\">\n<blockquote class=\"caas-blockquote\"><p>\u201cWe are at a crossroads,\u201d said von der Leyen, the top EU executive, speaking before the European Parliament in Strasbourg on Wednesday. \u201cEurope prefers dialog and solutions \u2014 but we are fully prepared to act, if necessary, with unity, urgency and determination.\u201d<\/p><\/blockquote>\n<\/div>\n<div class=\"caas-pull-quote-wrapper caas-img caas-lazy caas-loaded\" data-src=\"\" data-caas-lazy-loading-init=\"1\">\n<blockquote class=\"caas-blockquote\"><p>Pointedly, von der Leyen also argued that there was no returning to the world order that Europe spent decades building with US cooperation.<\/p><\/blockquote>\n<\/div>\n<div class=\"caas-pull-quote-wrapper caas-img caas-lazy caas-loaded\" data-src=\"\" data-caas-lazy-loading-init=\"1\">\n<blockquote class=\"caas-blockquote\"><p>\u201cThe shift in the international order is not only seismic \u2014 but it is permanent,\u201d she said. \u201cWe now live in a world defined by raw power.\u201d<\/p><\/blockquote>\n<\/div>\n<div class=\"caas-pull-quote-wrapper caas-img caas-lazy caas-loaded\" data-src=\"\" data-caas-lazy-loading-init=\"1\">\n<blockquote class=\"caas-blockquote\"><p>\u201cWhile many of us may not like it,\u201d she added, \u201cwe must deal with the world as it is now.\u201d<\/p><\/blockquote>\n<\/div>\n<p><em>Read more here.<\/em><\/p>\n<\/div>\n<\/div>\n<\/div>\n<\/div>\n<\/div>\n<\/li>\n<li id=\"f44b6034-37e8-435a-b9ad-90f3544286d6\" class=\"caas-liveblogpost\" data-id=\"f44b6034-37e8-435a-b9ad-90f3544286d6\" data-lmt=\"{&quot;utc&quot;:&quot;Wed, 21 Jan 2026 12:52:14 GMT&quot;,&quot;iso&quot;:&quot;2026-01-21T12:52:14.000Z&quot;,&quot;format&quot;:&quot;Wed, January 21, 2026 at 1:52 PM GMT+1&quot;,&quot;timestamp&quot;:1768999934000}\">\n<div class=\"liveblogposts-post\">\n<div class=\"post\">\n<div class=\"timeline-point  with-author-name\"><img decoding=\"async\" class=\"avatar\" src=\"https:\/\/o.aolcdn.com\/images\/dims?image_uri=https%3A%2F%2Fo.aolcdn.com%2Fimages%2Fdims%3Fimage_uri%3Dhttps%253A%252F%252Fs.yimg.com%252Fos%252Fcreatr-uploaded-images%252F2024-10%252F82cf5f80-8bd8-11ef-babf-b4e662504245%26compress%3D1%26progressive%3D1%26quality%3D75%26client%3Dhawkeye%26signature%3Deba9c6bf409177b1a8c7fa8257231200b686e99c&amp;compress=1&amp;progressive=1&amp;quality=75&amp;client=hawkeye&amp;signature=839dce8d897765d2f2bd1f7dbbf52134bb20dcb4\" \/><\/div>\n<div class=\"timestamp-byline\"><time class=\"timestamp-most-recent liveblogpost-relative-time\" data-timestamp=\"1768988123000\" data-id=\"liveblog-timestamp-10\">Wed, January 21, 2026 at 10:35 AM GMT+1<\/time><\/p>\n<div class=\"byline-meta\">\n<div class=\"byline\">Jenny McCall<\/div>\n<\/div>\n<\/div>\n<\/div>\n<div class=\"content-wrapper  with-author-name\">\n<div class=\"content-body\">\n<div class=\"content-block  with-author-name\">\n<h2 class=\"headline\">ECB&#8217;s Lagarde sees little impact on inflation from more tariffs<\/h2>\n<div class=\"body\">\n<figure class=\"caas-figure\">\n<div class=\"caas-figure-with-pb\">\n<div>\n<div class=\"caas-img-container caas-img-lightbox\" data-lightbox-src=\"https:\/\/s.yimg.com\/ny\/api\/res\/1.2\/rN8rHWWonEMmevWVaD0RKQ--\/YXBwaWQ9aGlnaGxhbmRlcjt3PTI0MDA7aD0xNjAwO2NmPXdlYnA-\/https:\/\/s.yimg.com\/os\/creatr-uploaded-images\/2026-01\/59b6ded0-f6ac-11f0-bfde-0042ce19fc26\"><span class=\"caas-img-wrapper\"><img decoding=\"async\" class=\"caas-img caas-lazy has-preview caas-loaded\" src=\"https:\/\/s.yimg.com\/ny\/api\/res\/1.2\/bJqC9J0PmY32EEC.WRhV4Q--\/YXBwaWQ9aGlnaGxhbmRlcjt3PTEyODA7aD04NTQ7Y2Y9d2VicA--\/https:\/\/s.yimg.com\/os\/creatr-uploaded-images\/2026-01\/59b6ded0-f6ac-11f0-bfde-0042ce19fc26\" alt=\"European Central Bank (ECB) president Christine Lagarde gestures as she speaks during the World Economic Forum (WEF) annual meeting in Davos on January 21, 2026. The World Economic Forum takes place in Davos from January 19 to January 23, 2026. (Photo by Fabrice COFFRINI \/ AFP via Getty Images)\" data-caas-lazy-loading-init=\"1\" \/><button class=\"link rapid-noclick-resp caas-lightbox\" aria-label=\"View larger image\" data-ylk=\"sec:image-lightbox;slk:lightbox-open;elm:expand;itc:1\" data-rapid_p=\"32\" data-v9y=\"1\"><\/button><\/span><\/div>\n<\/div>\n<\/div>\n<div class=\"caption-wrapper caption-aligned-with-image\">\n<div class=\"caption-wrapper caption-aligned-with-image\"><\/div>\n<\/div><figcaption class=\"caption-collapse\" data-id=\"m-6\">European Central Bank (ECB) president Christine Lagarde gestures as she speaks during the World Economic Forum (WEF) (Photo by Fabrice COFFRINI \/ AFP via Getty Images)<\/figcaption><\/figure>\n<p>Bloomberg reports:<\/p>\n<div class=\"caas-pull-quote-wrapper caas-img caas-lazy caas-loaded\" data-src=\"\" data-caas-lazy-loading-init=\"1\">\n<blockquote class=\"caas-blockquote\"><p>European Central Bank President Christine Lagarde said another volley of tariffs from US President Donald Trump would have only a minor impact on inflation in Europe.<\/p><\/blockquote>\n<\/div>\n<div class=\"caas-pull-quote-wrapper caas-img caas-lazy caas-loaded\" data-src=\"\" data-caas-lazy-loading-init=\"1\">\n<blockquote class=\"caas-blockquote\"><p>\u201cIf we look in the short term, the immediate effect is relatively minor,\u201d Lagarde said Wednesday in an interview with RTL radio.<\/p><\/blockquote>\n<\/div>\n<div class=\"caas-pull-quote-wrapper caas-img caas-lazy caas-loaded\" data-src=\"\" data-caas-lazy-loading-init=\"1\">\n<blockquote class=\"caas-blockquote\"><p>According to the ECB chief, Trump\u2019s latest threats would raise the average tariff rate for the euro area to 15% from around 12%.<\/p><\/blockquote>\n<\/div>\n<div class=\"caas-pull-quote-wrapper caas-img caas-lazy caas-loaded\" data-src=\"\" data-caas-lazy-loading-init=\"1\">\n<blockquote class=\"caas-blockquote\"><p>\u201cWe have an inflation that would be very slightly affected, probably to the upside, but as we have inflation under control at 1.9%, the impact would be minimal,\u201d Lagarde said.<\/p><\/blockquote>\n<\/div>\n<p><em>Read more here.<\/em><\/p>\n<\/div>\n<\/div>\n<\/div>\n<\/div>\n<\/div>\n<\/li>\n<li id=\"6c8facb7-c7de-41b6-81a8-0ff61eca4723\" class=\"caas-liveblogpost\" data-id=\"6c8facb7-c7de-41b6-81a8-0ff61eca4723\" data-lmt=\"{&quot;utc&quot;:&quot;Wed, 21 Jan 2026 12:51:54 GMT&quot;,&quot;iso&quot;:&quot;2026-01-21T12:51:54.000Z&quot;,&quot;format&quot;:&quot;Wed, January 21, 2026 at 1:51 PM GMT+1&quot;,&quot;timestamp&quot;:1768999914000}\">\n<div class=\"liveblogposts-post\">\n<div class=\"post\">\n<div class=\"timeline-point  with-author-name\"><img decoding=\"async\" class=\"avatar\" src=\"https:\/\/o.aolcdn.com\/images\/dims?image_uri=https%3A%2F%2Fo.aolcdn.com%2Fimages%2Fdims%3Fimage_uri%3Dhttps%253A%252F%252Fs.yimg.com%252Fos%252Fcreatr-uploaded-images%252F2024-10%252F82cf5f80-8bd8-11ef-babf-b4e662504245%26compress%3D1%26progressive%3D1%26quality%3D75%26client%3Dhawkeye%26signature%3Deba9c6bf409177b1a8c7fa8257231200b686e99c&amp;compress=1&amp;progressive=1&amp;quality=75&amp;client=hawkeye&amp;signature=839dce8d897765d2f2bd1f7dbbf52134bb20dcb4\" \/><\/div>\n<div class=\"timestamp-byline\"><time class=\"timestamp-most-recent liveblogpost-relative-time\" data-timestamp=\"1768987139000\" data-id=\"liveblog-timestamp-11\">Wed, January 21, 2026 at 10:18 AM GMT+1<\/time><\/p>\n<div class=\"byline-meta\">\n<div class=\"byline\">Jenny McCall<\/div>\n<\/div>\n<\/div>\n<\/div>\n<div class=\"content-wrapper  with-author-name\">\n<div class=\"content-body\">\n<div class=\"content-block  with-author-name\">\n<h2 class=\"headline\">Bessent dismisses Danish Treasury sales as \u2018irrelevant\u2019<\/h2>\n<div class=\"body\">\n<figure class=\"caas-figure\">\n<div class=\"caas-figure-with-pb\">\n<div>\n<div class=\"caas-img-container caas-img-lightbox\" data-lightbox-src=\"https:\/\/s.yimg.com\/ny\/api\/res\/1.2\/xQRSfW7ud_B.J1uj7X7X_A--\/YXBwaWQ9aGlnaGxhbmRlcjt3PTI0MDA7aD0xNjAwO2NmPXdlYnA-\/https:\/\/s.yimg.com\/os\/creatr-uploaded-images\/2026-01\/f677aef0-f6a9-11f0-aff7-c8f1676c4fa9\"><span class=\"caas-img-wrapper\"><img decoding=\"async\" class=\"caas-img caas-lazy has-preview caas-loaded\" src=\"https:\/\/s.yimg.com\/ny\/api\/res\/1.2\/R5yGqQ7Kdw6TIparGcPRng--\/YXBwaWQ9aGlnaGxhbmRlcjt3PTEyODA7aD04NTQ7Y2Y9d2VicA--\/https:\/\/s.yimg.com\/os\/creatr-uploaded-images\/2026-01\/f677aef0-f6a9-11f0-aff7-c8f1676c4fa9\" alt=\"US Treasury Secretary Scott Bessent speaks at the USA house during the Annual Meeting of the World Economic Forum in Davos, Switzerland, Wednesday, Jan. 21, 2026. (AP Photo\/Markus Schreiber)\" data-caas-lazy-loading-init=\"1\" \/><button class=\"link rapid-noclick-resp caas-lightbox\" aria-label=\"View larger image\" data-ylk=\"sec:image-lightbox;slk:lightbox-open;elm:expand;itc:1\" data-rapid_p=\"35\" data-v9y=\"1\"><\/button><\/span><\/div>\n<\/div>\n<\/div>\n<div class=\"caption-wrapper caption-aligned-with-image\">\n<div class=\"caption-wrapper caption-aligned-with-image\"><\/div>\n<\/div><figcaption class=\"caption-collapse\" data-id=\"m-7\">US Treasury Secretary Scott Bessent speaks at the USA house during the Annual Meeting of the World Economic Forum in Davos, Switzerland, Wednesday, Jan. 21, 2026. (AP Photo\/Markus Schreiber)<\/figcaption><\/figure>\n<p>US Treasury Secretary Scott Bessent brushed off Denmark&#8217;s sale of US Treasurys on Tuesday at the World Economic Forum in Davos. Bessent said he is &#8220;not concerned at all,&#8221; and told reporters it is irrelevant.<\/p>\n<p>\u201cIt\u2019s less than $100 million,\u201d the Treasury Secretary said. \u201cThey\u2019ve been selling Treasurys for years.&#8221;<\/p>\n<p>On Tuesday, Danish pension operator AkademikerPension announced it would be selling around $100 million in US Treasurys. Anders Schelde, AkademikerPension\u2019s investing chief,\u00a0said\u00a0the move was due to &#8220;poor US government finances.&#8221;<\/p>\n<p>The &#8220;sell America&#8221; trade has bounced back this week after Trump escalated his battle with European leaders over Greenland. US stocks and bond prices have dropped as tensions between the two sides escalate.<\/p>\n<p>Trump also threatened to impose 200% tariffs on French wine and champagne, following France&#8217;s leader, Emmanuel Macron, texting Trump and telling him he was &#8220;confused&#8221; over his choice to take over Greenland and that he would not be joining his Board of Peace for Gaza committee.<\/p>\n<p>The US president said on Monday that he will impose 10% tariffs on the EU as part of his push to acquire Greenland; the duties would take effect on February 1 and would rise to 25%. Trump doubled down on his pursuit of Greenland on Tuesday as he headed to Davos, saying the EU &#8220;won&#8217;t resist too much.&#8221;<\/p>\n<p><em>Read more here.<\/em><\/p>\n<\/div>\n<\/div>\n<\/div>\n<\/div>\n<\/div>\n<\/li>\n<li id=\"b0aaabf1-a80a-433b-bcc7-acd90fd9f1d6\" class=\"caas-liveblogpost\" data-id=\"b0aaabf1-a80a-433b-bcc7-acd90fd9f1d6\" data-lmt=\"{&quot;utc&quot;:&quot;Wed, 21 Jan 2026 06:00:35 GMT&quot;,&quot;iso&quot;:&quot;2026-01-21T06:00:35.000Z&quot;,&quot;format&quot;:&quot;Wed, January 21, 2026 at 7:00 AM GMT+1&quot;,&quot;timestamp&quot;:1768975235000}\">\n<div class=\"liveblogposts-post\">\n<div class=\"post\">\n<div class=\"timeline-point  with-author-name\"><img decoding=\"async\" class=\"avatar\" src=\"https:\/\/o.aolcdn.com\/images\/dims?image_uri=https%3A%2F%2Fo.aolcdn.com%2Fimages%2Fdims%3Fimage_uri%3Dhttps%253A%252F%252Fs.yimg.com%252Fos%252Fcreatr-uploaded-images%252F2024-10%252F82cf5f80-8bd8-11ef-babf-b4e662504245%26compress%3D1%26progressive%3D1%26quality%3D75%26client%3Dhawkeye%26signature%3Deba9c6bf409177b1a8c7fa8257231200b686e99c&amp;compress=1&amp;progressive=1&amp;quality=75&amp;client=hawkeye&amp;signature=839dce8d897765d2f2bd1f7dbbf52134bb20dcb4\" \/><\/div>\n<div class=\"timestamp-byline\"><time class=\"timestamp-most-recent liveblogpost-relative-time\" data-timestamp=\"1768975235000\" data-id=\"liveblog-timestamp-12\">Wed, January 21, 2026 at 7:00 AM GMT+1<\/time><\/p>\n<div class=\"byline-meta\">\n<div class=\"byline\">Jenny McCall<\/div>\n<\/div>\n<\/div>\n<\/div>\n<div class=\"content-wrapper  with-author-name\">\n<div class=\"content-body\">\n<div class=\"content-block  with-author-name\">\n<h2 class=\"headline\">Novartis CEO: By mid-2026, we will not be &#8216;exposed to tariffs&#8217;<\/h2>\n<div class=\"body\">\n<p>Novartis (NVS) CEO Vas Narasimhan said he expects the company&#8217;s agreement with the US to help shield it from any possible tariffs.<\/p>\n<p>In an interview with CNBC, Narasimhan said that by the middle of this year, the company will not be &#8220;exposed to tariffs.&#8221;<\/p>\n<p>Reuters reports:<\/p>\n<div class=\"caas-pull-quote-wrapper caas-img caas-lazy\" data-src=\"\">\n<blockquote class=\"caas-blockquote\"><p>&#8220;We expect to \u2060be in a \u200cposition by middle of this year where we \u200dare not really exposed to tariffs, because we&#8217;re able to produce in \u200bthe U.S. for the U.S.,&#8221; \u200cNarasimhan said.<\/p><\/blockquote>\n<\/div>\n<div class=\"caas-pull-quote-wrapper caas-img caas-lazy\" data-src=\"\">\n<blockquote class=\"caas-blockquote\"><p>He noted the company last year announced $23 billion in manufacturing investments and is progressing those projects to further reduce \u2060exposure.<\/p><\/blockquote>\n<\/div>\n<p><em>Read more here.<\/em><\/p>\n<\/div>\n<\/div>\n<\/div>\n<\/div>\n<\/div>\n<\/li>\n<li id=\"3cc3a910-6374-4d0e-a40f-95826e250fda\" class=\"caas-liveblogpost\" data-id=\"3cc3a910-6374-4d0e-a40f-95826e250fda\" data-lmt=\"{&quot;utc&quot;:&quot;Wed, 21 Jan 2026 02:00:35 GMT&quot;,&quot;iso&quot;:&quot;2026-01-21T02:00:35.000Z&quot;,&quot;format&quot;:&quot;Wed, January 21, 2026 at 3:00 AM GMT+1&quot;,&quot;timestamp&quot;:1768960835000}\">\n<div class=\"liveblogposts-post\">\n<div class=\"post\">\n<div class=\"timeline-point  with-author-name\"><img decoding=\"async\" class=\"avatar\" src=\"https:\/\/o.aolcdn.com\/images\/dims?image_uri=https%3A%2F%2Fo.aolcdn.com%2Fimages%2Fdims%3Fimage_uri%3Dhttps%253A%252F%252Fs.yimg.com%252Fos%252Fcreatr-uploaded-images%252F2024-10%252F82cf5f80-8bd8-11ef-babf-b4e662504245%26compress%3D1%26progressive%3D1%26quality%3D75%26client%3Dhawkeye%26signature%3Deba9c6bf409177b1a8c7fa8257231200b686e99c&amp;compress=1&amp;progressive=1&amp;quality=75&amp;client=hawkeye&amp;signature=839dce8d897765d2f2bd1f7dbbf52134bb20dcb4\" \/><\/div>\n<div class=\"timestamp-byline\"><time class=\"timestamp-most-recent liveblogpost-relative-time\" data-timestamp=\"1768960835000\" data-id=\"liveblog-timestamp-13\">Wed, January 21, 2026 at 3:00 AM GMT+1<\/time><\/p>\n<div class=\"byline-meta\">\n<div class=\"byline\">Jenny McCall<\/div>\n<\/div>\n<\/div>\n<\/div>\n<div class=\"content-wrapper  with-author-name\">\n<div class=\"content-body\">\n<div class=\"content-block  with-author-name\">\n<h2 class=\"headline\">Tariffs are bumping up product prices: Amazon CEO<\/h2>\n<div class=\"body\">\n<figure class=\"caas-figure\">\n<div class=\"caas-figure-with-pb\">\n<div>\n<div class=\"caas-img-container caas-img-lightbox\" data-lightbox-src=\"https:\/\/s.yimg.com\/ny\/api\/res\/1.2\/7vrr0eej8mXO0ENyKjEzVQ--\/YXBwaWQ9aGlnaGxhbmRlcjt3PTI0MDA7aD0xNjAwO2NmPXdlYnA-\/https:\/\/s.yimg.com\/os\/creatr-uploaded-images\/2026-01\/ea064170-f615-11f0-bd72-aca2dc23d2ed\"><span class=\"caas-img-wrapper\"><img decoding=\"async\" class=\"caas-img caas-lazy has-preview caas-loaded\" src=\"https:\/\/s.yimg.com\/ny\/api\/res\/1.2\/Y9AWE8a8nSADM1xkLRRGZw--\/YXBwaWQ9aGlnaGxhbmRlcjt3PTEyODA7aD04NTQ7Y2Y9d2VicA--\/https:\/\/s.yimg.com\/os\/creatr-uploaded-images\/2026-01\/ea064170-f615-11f0-bd72-aca2dc23d2ed\" alt=\"Amazon CEO Andy Jassy speaks during an Amazon Devices launch event in New York City, U.S., February 26, 2025. REUTERS\/Brendan McDermid\" data-caas-lazy-loading-init=\"1\" \/><button class=\"link rapid-noclick-resp caas-lightbox\" aria-label=\"View larger image\" data-ylk=\"sec:image-lightbox;slk:lightbox-open;elm:expand;itc:1\" data-rapid_p=\"40\" data-v9y=\"1\"><\/button><\/span><\/div>\n<\/div>\n<\/div>\n<div class=\"caption-wrapper caption-aligned-with-image\">\n<div class=\"caption-wrapper caption-aligned-with-image\"><\/div>\n<\/div><figcaption class=\"caption-collapse\" data-id=\"m-8\">Amazon CEO Andy Jassy speaks during an Amazon Devices launch event in New York City, U.S., February 26, 2025. REUTERS\/Brendan McDermid<\/figcaption><\/figure>\n<p>Reuters reports:<\/p>\n<div class=\"caas-pull-quote-wrapper caas-img caas-lazy\" data-src=\"\">\n<blockquote class=\"caas-blockquote\"><p>Amazon.com (AMZN) is starting to see an uptick in product prices on its e-commerce platform as sellers respond to cost pressures stemming \u200bfrom U.S. President Donald Trump&#8217;s tariffs, the tech giant&#8217;s CEO, Andy Jassy, \u200ctold CNBC on Tuesday.<\/p><\/blockquote>\n<\/div>\n<div class=\"caas-pull-quote-wrapper caas-img caas-lazy\" data-src=\"\">\n<blockquote class=\"caas-blockquote\"><p>The company had pulled forward its inventory shipments early last year and urged third-party \u200csellers to bring in more stock ahead of time to circumvent tariff-driven surges in shipping costs, but &#8220;that supply has run out in the fall,&#8221; Jassy said in the interview at the World Economic Forum in Davos, Switzerland.<\/p><\/blockquote>\n<\/div>\n<p><em>Read more here.<\/em><\/p>\n<\/div>\n<\/div>\n<\/div>\n<\/div>\n<\/div>\n<\/li>\n<li id=\"940a6053-f841-4fe9-8f52-008bb0d2644b\" class=\"caas-liveblogpost\" data-id=\"940a6053-f841-4fe9-8f52-008bb0d2644b\" data-lmt=\"{&quot;utc&quot;:&quot;Tue, 20 Jan 2026 21:31:16 GMT&quot;,&quot;iso&quot;:&quot;2026-01-20T21:31:16.000Z&quot;,&quot;format&quot;:&quot;Tue, January 20, 2026 at 10:31 PM GMT+1&quot;,&quot;timestamp&quot;:1768944676000}\">\n<div class=\"liveblogposts-post\">\n<div class=\"post\">\n<div class=\"timeline-point  with-author-name\"><img decoding=\"async\" class=\"avatar\" src=\"https:\/\/o.aolcdn.com\/images\/dims?image_uri=https%3A%2F%2Fo.aolcdn.com%2Fimages%2Fdims%3Fimage_uri%3Dhttps%253A%252F%252Fs.yimg.com%252Fos%252Fcreatr-uploaded-images%252F2023-05%252F128dd290-f595-11ed-b4d8-cbe5a3d4e16f%26compress%3D1%26progressive%3D1%26quality%3D75%26client%3Dhawkeye%26signature%3D4032c266a6e3ad3af35e07e05b7f14a19b6e7fcb&amp;compress=1&amp;progressive=1&amp;quality=75&amp;client=hawkeye&amp;signature=51fc62488f627e17b6456ed9c840a3a069d9e8bd\" \/><\/div>\n<div class=\"timestamp-byline\"><time class=\"timestamp-most-recent liveblogpost-relative-time\" data-timestamp=\"1768944676000\" data-id=\"liveblog-timestamp-14\">Tue, January 20, 2026 at 10:31 PM GMT+1<\/time><\/p>\n<div class=\"byline-meta\">\n<div class=\"byline\">Brett LoGiurato<\/div>\n<\/div>\n<\/div>\n<\/div>\n<div class=\"content-wrapper  with-author-name\">\n<div class=\"content-body\">\n<div class=\"content-block  with-author-name\">\n<h2 class=\"headline\">Trump doubts Greenland threats will spoil EU trade deal<\/h2>\n<div class=\"body\">\n<p>From Bloomberg:<\/p>\n<div class=\"caas-pull-quote-wrapper caas-img caas-lazy\" data-src=\"\">\n<blockquote class=\"caas-blockquote\"><p>\u201cI doubt it,\u201d Trump said at a White House press conference Tuesday when asked if moving forward with Greenland-related tariffs could trigger the EU to renege on investment pledges. \u201cThey need that agreement very badly with us. They really do, they fought very hard to get it. So I doubt that.\u201d<\/p><\/blockquote>\n<\/div>\n<div class=\"caas-pull-quote-wrapper caas-img caas-lazy\" data-src=\"\">\n<blockquote class=\"caas-blockquote\"><p>Trump announced a 10% tariff on goods from eight European countries beginning Feb. 1, rising to 25% in June, unless he has a deal for the \u201cpurchase of Greenland,\u201d a semi-autonomous territory of Denmark, a NATO ally and EU member.<\/p><\/blockquote>\n<\/div>\n<div class=\"caas-pull-quote-wrapper caas-img caas-lazy\" data-src=\"\">\n<blockquote class=\"caas-blockquote\"><p>Trump, asked how far he was willing to go to secure the island, told reporters: \u201cyou\u2019ll find out.\u201d<\/p><\/blockquote>\n<\/div>\n<div class=\"caas-pull-quote-wrapper caas-img caas-lazy\" data-src=\"\">\n<blockquote class=\"caas-blockquote\"><p>The president\u2019s rare appearance in the White House briefing room came ahead of his departure Tuesday night from Washington for the World Economic Forum in Davos, Switzerland, where he will confront European leaders who are furious over his bid to take over the territory of a fellow NATO ally, Denmark.<\/p><\/blockquote>\n<\/div>\n<div class=\"caas-pull-quote-wrapper caas-img caas-lazy\" data-src=\"\">\n<blockquote class=\"caas-blockquote\"><p>\u201cThe European Union and the United States have agreed to a trade deal last July,\u201d von der Leyen said. \u201cIn politics as in business, a deal is a deal. And when friends shake hands, it must mean something.\u201d<\/p><\/blockquote>\n<\/div>\n<div class=\"caas-pull-quote-wrapper caas-img caas-lazy\" data-src=\"\">\n<blockquote class=\"caas-blockquote\"><p>The transatlantic rift over the US president\u2019s ambitions has overshadowed the annual gathering of the world\u2019s financial and political elite and has soured Washington\u2019s ties with several key allies.<\/p><\/blockquote>\n<\/div>\n<div class=\"caas-pull-quote-wrapper caas-img caas-lazy\" data-src=\"\">\n<blockquote class=\"caas-blockquote\"><p>Trump broadly predicted that across \u201clots of meetings scheduled on Greenland\u201d this week in Davos, \u201cthings are going to work out pretty well, actually.\u201d<\/p><\/blockquote>\n<\/div>\n<div class=\"caas-pull-quote-wrapper caas-img caas-lazy\" data-src=\"\">\n<blockquote class=\"caas-blockquote\"><p>He downplayed criticism from European leaders including France\u2019s Emmanuel Macron and the UK\u2019s Keir Starmer, saying he expected a warmer reception in person.<\/p><\/blockquote>\n<\/div>\n<p><em>Read more here<\/em>.<\/p>\n<\/div>\n<\/div>\n<\/div>\n<\/div>\n<\/div>\n<\/li>\n<li id=\"6231d73b-62c6-4e78-9001-e033340c693d\" class=\"caas-liveblogpost\" data-id=\"6231d73b-62c6-4e78-9001-e033340c693d\" data-lmt=\"{&quot;utc&quot;:&quot;Tue, 20 Jan 2026 20:38:18 GMT&quot;,&quot;iso&quot;:&quot;2026-01-20T20:38:18.000Z&quot;,&quot;format&quot;:&quot;Tue, January 20, 2026 at 9:38 PM GMT+1&quot;,&quot;timestamp&quot;:1768941498000}\">\n<div class=\"liveblogposts-post\">\n<div class=\"post\">\n<div class=\"timeline-point no-pfp with-author-name\">\n<div class=\"circles\">\n<div class=\"oval-back\"><\/div>\n<div class=\"oval\"><\/div>\n<\/div>\n<\/div>\n<div class=\"timestamp-byline\"><time class=\"timestamp-most-recent liveblogpost-relative-time\" data-timestamp=\"1768941498000\" data-id=\"liveblog-timestamp-15\">Tue, January 20, 2026 at 9:38 PM GMT+1<\/time><\/p>\n<div class=\"byline-meta\">\n<div class=\"byline\">Grace O&#8217;Donnell, Ines Ferr\u00e9<\/div>\n<\/div>\n<\/div>\n<\/div>\n<div class=\"content-wrapper no-pfp with-author-name\">\n<div class=\"content-body\">\n<div class=\"content-block no-pfp with-author-name\">\n<h2 class=\"headline\">Trump on how far he&#8217;ll go to acquire Greenland: &#8216;You&#8217;ll find out&#8217;<\/h2>\n<div class=\"body\">\n<p>In a\u00a0press briefing on Tuesday, President Trump said the US would pursue other strategies to acquire Greenland if the Supreme Court were to rule against his administration&#8217;s tariffs.<\/p>\n<p>&#8220;We have other alternatives,&#8221; Trump said, &#8220;but what we&#8217;re doing now is the best, the strongest, the fastest, the easiest, the least complicated.&#8221;<\/p>\n<p>When asked how far the US is willing to go to acquire Greenland, Trump answered, &#8220;You&#8217;ll find out.&#8221;<\/p>\n<p>Trump said the US has &#8220;a lot&#8221; of meetings with Greenland scheduled at the World Economic Forum in Davos. Trump is expected to travel to Davos tonight.<\/p>\n<p>Stocks were headed toward their worst day in two months on Tuesday as the markets digested Trump&#8217;s threats of fresh tariffs against European countries in order to obtain control of the Arctic territory.<\/p>\n<figure class=\"caas-figure\">\n<div class=\"caas-figure-with-pb\">\n<div>\n<div class=\"caas-img-container caas-img-lightbox\" data-lightbox-src=\"https:\/\/s.yimg.com\/ny\/api\/res\/1.2\/6sr6PJIv1_YSF.mb3CA40w--\/YXBwaWQ9aGlnaGxhbmRlcjt3PTI0MDA7aD0xNjAwO2NmPXdlYnA-\/https:\/\/s.yimg.com\/os\/creatr-uploaded-images\/2026-01\/d49432a0-f63f-11f0-bb8f-607af306f85f\"><span class=\"caas-img-wrapper\"><img decoding=\"async\" class=\"caas-img caas-lazy has-preview caas-loaded\" src=\"https:\/\/s.yimg.com\/ny\/api\/res\/1.2\/ueNs8mCOYp0SDz4lwckGPw--\/YXBwaWQ9aGlnaGxhbmRlcjt3PTEyODA7aD04NTI7Y2Y9d2VicA--\/https:\/\/s.yimg.com\/os\/creatr-uploaded-images\/2026-01\/d49432a0-f63f-11f0-bb8f-607af306f85f\" alt=\"US President Donald Trump speaks during a briefing in the Brady Briefing Room of the White House in Washington, DC, on January 20, 2026. US President Donald Trump on Tuesday expressed frustration that his message on the economy was \" data-caas-lazy-loading-init=\"1\" \/><button class=\"link rapid-noclick-resp caas-lightbox\" aria-label=\"View larger image\" data-ylk=\"sec:image-lightbox;slk:lightbox-open;elm:expand;itc:1\" data-rapid_p=\"47\" data-v9y=\"1\"><\/button><\/span><\/div>\n<\/div>\n<\/div>\n<div class=\"caption-wrapper caption-aligned-with-image\">\n<div class=\"caption-wrapper caption-aligned-with-image\"><\/div>\n<\/div><figcaption class=\"caption-collapse\" data-id=\"m-9\">US President Donald Trump speaks during a briefing in the Brady Briefing Room of the White House in Washington, D.C., on Jan. 20, 2026. (SAUL LOEB \/ AFP via Getty Images)<\/figcaption><\/figure>\n<\/div>\n<\/div>\n<\/div>\n<\/div>\n<\/div>\n<\/li>\n<li id=\"aac7f292-c884-4eb4-85d8-34319b685a3c\" class=\"caas-liveblogpost\" data-id=\"aac7f292-c884-4eb4-85d8-34319b685a3c\" data-lmt=\"{&quot;utc&quot;:&quot;Tue, 20 Jan 2026 16:04:00 GMT&quot;,&quot;iso&quot;:&quot;2026-01-20T16:04:00.000Z&quot;,&quot;format&quot;:&quot;Tue, January 20, 2026 at 5:04 PM GMT+1&quot;,&quot;timestamp&quot;:1768925040000}\">\n<div class=\"liveblogposts-post\">\n<div class=\"post\">\n<div class=\"timeline-point no-pfp with-author-name\">\n<div class=\"circles\">\n<div class=\"oval-back\"><\/div>\n<div class=\"oval\"><\/div>\n<\/div>\n<\/div>\n<div class=\"timestamp-byline\"><time class=\"timestamp-most-recent liveblogpost-relative-time\" data-timestamp=\"1768925040000\" data-id=\"liveblog-timestamp-16\">Tue, January 20, 2026 at 5:04 PM GMT+1<\/time><\/p>\n<div class=\"byline-meta\">\n<div class=\"byline\">Grace O&#8217;Donnell<\/div>\n<\/div>\n<\/div>\n<\/div>\n<div class=\"content-wrapper no-pfp with-author-name\">\n<div class=\"content-body\">\n<div class=\"content-block no-pfp with-author-name\">\n<h2 class=\"headline\">Supreme Court does not issue tariff ruling today<\/h2>\n<div class=\"body\">\n<p>The Supreme Court issued three opinions on Tuesday, but none of them were the highly anticipated ruling on whether President Trump has the authority under the International Emergency Economic Powers Act (IEEPA) to issue tariffs.<\/p>\n<p>The court heard oral arguments on the case, formally called Learning Resources, Inc. v. Trump, in November of last year and is expected to deliver an opinion before June. The Supreme Court did not say when the next decision day will be.<\/p>\n<p>If the Supreme Court strikes down the tariffs, it could result in the US repaying more than $130 billion in tariff refunds. A negative ruling against Trump would be one of the largest legal blows to the administration&#8217;s policies so far. If that were to happen, &#8220;WE&#8217;RE SCREWED!&#8221; the president\u00a0posted on Truth Social\u00a0earlier this month.<\/p>\n<\/div>\n<\/div>\n<\/div>\n<\/div>\n<\/div>\n<\/li>\n<li id=\"1d8cfd91-96a5-427e-b959-1418f94e1cba\" class=\"caas-liveblogpost\" data-id=\"1d8cfd91-96a5-427e-b959-1418f94e1cba\" data-lmt=\"{&quot;utc&quot;:&quot;Tue, 20 Jan 2026 12:50:22 GMT&quot;,&quot;iso&quot;:&quot;2026-01-20T12:50:22.000Z&quot;,&quot;format&quot;:&quot;Tue, January 20, 2026 at 1:50 PM GMT+1&quot;,&quot;timestamp&quot;:1768913422000}\">\n<div class=\"liveblogposts-post\">\n<div class=\"post\">\n<div class=\"timeline-point  with-author-name\"><img decoding=\"async\" class=\"avatar\" src=\"https:\/\/o.aolcdn.com\/images\/dims?image_uri=https%3A%2F%2Fo.aolcdn.com%2Fimages%2Fdims%3Fimage_uri%3Dhttps%253A%252F%252Fs.yimg.com%252Fos%252Fcreatr-uploaded-images%252F2024-10%252F82cf5f80-8bd8-11ef-babf-b4e662504245%26compress%3D1%26progressive%3D1%26quality%3D75%26client%3Dhawkeye%26signature%3Deba9c6bf409177b1a8c7fa8257231200b686e99c&amp;compress=1&amp;progressive=1&amp;quality=75&amp;client=hawkeye&amp;signature=839dce8d897765d2f2bd1f7dbbf52134bb20dcb4\" \/><\/div>\n<div class=\"timestamp-byline\"><time class=\"timestamp-most-recent liveblogpost-relative-time\" data-timestamp=\"1768908392000\" data-id=\"liveblog-timestamp-17\">Tue, January 20, 2026 at 12:26 PM GMT+1<\/time><\/p>\n<div class=\"byline-meta\">\n<div class=\"byline\">Jenny McCall<\/div>\n<\/div>\n<\/div>\n<\/div>\n<div class=\"content-wrapper  with-author-name\">\n<div class=\"content-body\">\n<div class=\"content-block  with-author-name\">\n<h2 class=\"headline\">Trump says he will meet with &#8216;various parties&#8217; in Davos concerning Greenland<\/h2>\n<div class=\"body\">\n<figure class=\"caas-figure\">\n<div class=\"caas-figure-with-pb\">\n<div>\n<div class=\"caas-img-container caas-img-lightbox\" data-lightbox-src=\"https:\/\/s.yimg.com\/ny\/api\/res\/1.2\/UzZXwS5bJTLG9gjKurZ_XA--\/YXBwaWQ9aGlnaGxhbmRlcjt3PTI0MDA7aD0xNjAwO2NmPXdlYnA-\/https:\/\/s.yimg.com\/os\/creatr-uploaded-images\/2026-01\/bbd318f0-f5f2-11f0-b9bf-93cb820138ef\"><span class=\"caas-img-wrapper\"><img decoding=\"async\" class=\"caas-img caas-lazy has-preview caas-loaded\" src=\"https:\/\/s.yimg.com\/ny\/api\/res\/1.2\/K.YurbVLP2SeC5aEZnMzmw--\/YXBwaWQ9aGlnaGxhbmRlcjt3PTEyODA7aD04NTQ7Y2Y9d2VicA--\/https:\/\/s.yimg.com\/os\/creatr-uploaded-images\/2026-01\/bbd318f0-f5f2-11f0-b9bf-93cb820138ef\" alt=\"President Donald Trump speaks with reporters after arriving at Palm Beach International Airport, Monday, Jan. 19, 2026, in West Palm Beach, Fla. (AP Photo\/Julia Demaree Nikhinson)\" data-caas-lazy-loading-init=\"1\" \/><button class=\"link rapid-noclick-resp caas-lightbox\" aria-label=\"View larger image\" data-ylk=\"sec:image-lightbox;slk:lightbox-open;elm:expand;itc:1\" data-rapid_p=\"49\" data-v9y=\"1\"><\/button><\/span><\/div>\n<\/div>\n<\/div>\n<div class=\"caption-wrapper caption-aligned-with-image\">\n<div class=\"caption-wrapper caption-aligned-with-image\"><\/div>\n<\/div><figcaption class=\"caption-collapse\" data-id=\"m-10\">President Donald Trump speaks with reporters after arriving at Palm Beach International Airport, Monday, Jan. 19, 2026, in West Palm Beach, Fla. (AP Photo\/Julia Demaree Nikhinson)<\/figcaption><\/figure>\n<p>President Trump\u00a0posted\u00a0on Truth Social that, following a phone call with the Secretary General of NATO, Mark Rutte, he will have a meeting at the World Economic Forum in Davos with various parties concerning Greenland.<\/p>\n<p>&#8220;As I expressed to everyone, very plainly, Greenland is imperative for National and World Security. There can be no going back \u2014 On that, everyone agrees! The United States of America is the most powerful Country anywhere on the Globe, by far,&#8221; Trump\u00a0posted.<\/p>\n<p>&#8220;Much of the reason for this is a rebuilding of our Military during my First Term, which rebuilding continues at even more expedited pace. We are the only POWER that can ensure PEACE throughout the World \u2014 And it is done, quite simply, through STRENGTH! PRESIDENT DONALD J. TRUMP,&#8221; Trump added.<\/p>\n<\/div>\n<\/div>\n<\/div>\n<\/div>\n<\/div>\n<\/li>\n<li id=\"f69c6db1-30ef-4ee9-b6b6-90e24078b93f\" class=\"caas-liveblogpost\" data-id=\"f69c6db1-30ef-4ee9-b6b6-90e24078b93f\" data-lmt=\"{&quot;utc&quot;:&quot;Tue, 20 Jan 2026 11:21:25 GMT&quot;,&quot;iso&quot;:&quot;2026-01-20T11:21:25.000Z&quot;,&quot;format&quot;:&quot;Tue, January 20, 2026 at 12:21 PM GMT+1&quot;,&quot;timestamp&quot;:1768908085000}\">\n<div class=\"liveblogposts-post\">\n<div class=\"post\">\n<div class=\"timeline-point  with-author-name\"><img decoding=\"async\" class=\"avatar\" src=\"https:\/\/o.aolcdn.com\/images\/dims?image_uri=https%3A%2F%2Fo.aolcdn.com%2Fimages%2Fdims%3Fimage_uri%3Dhttps%253A%252F%252Fs.yimg.com%252Fos%252Fcreatr-uploaded-images%252F2024-10%252F82cf5f80-8bd8-11ef-babf-b4e662504245%26compress%3D1%26progressive%3D1%26quality%3D75%26client%3Dhawkeye%26signature%3Deba9c6bf409177b1a8c7fa8257231200b686e99c&amp;compress=1&amp;progressive=1&amp;quality=75&amp;client=hawkeye&amp;signature=839dce8d897765d2f2bd1f7dbbf52134bb20dcb4\" \/><\/div>\n<div class=\"timestamp-byline\"><time class=\"timestamp-most-recent liveblogpost-relative-time\" data-timestamp=\"1768908085000\" data-id=\"liveblog-timestamp-18\">Tue, January 20, 2026 at 12:21 PM GMT+1<\/time><\/p>\n<div class=\"byline-meta\">\n<div class=\"byline\">Jenny McCall<\/div>\n<\/div>\n<\/div>\n<\/div>\n<div class=\"content-wrapper  with-author-name\">\n<div class=\"content-body\">\n<div class=\"content-block  with-author-name\">\n<h2 class=\"headline\">EU tells Trump &#8216;a deal is a deal&#8217; as Greenland threats escalate<\/h2>\n<div class=\"body\">\n<figure class=\"caas-figure\">\n<div class=\"caas-figure-with-pb\">\n<div>\n<div class=\"caas-img-container caas-img-lightbox\" data-lightbox-src=\"https:\/\/s.yimg.com\/ny\/api\/res\/1.2\/xNc6U9sMc3fgmSkc81up2Q--\/YXBwaWQ9aGlnaGxhbmRlcjt3PTI0MDA7aD0xNjAwO2NmPXdlYnA-\/https:\/\/s.yimg.com\/os\/creatr-uploaded-images\/2026-01\/1a5e16f0-f5f2-11f0-be8e-782d442bc78f\"><span class=\"caas-img-wrapper\"><img decoding=\"async\" class=\"caas-img caas-lazy has-preview caas-loaded\" src=\"https:\/\/s.yimg.com\/ny\/api\/res\/1.2\/HyndhEq6pSCr0Bvc9.4gDA--\/YXBwaWQ9aGlnaGxhbmRlcjt3PTEyODA7aD04NTQ7Y2Y9d2VicA--\/https:\/\/s.yimg.com\/os\/creatr-uploaded-images\/2026-01\/1a5e16f0-f5f2-11f0-be8e-782d442bc78f\" alt=\"President of the European Commission Ursula von der Leyen talks during the Annual Meeting of the World Economic Forum in Davos, Switzerland, Tuesday, Jan. 20, 2026. (AP Photo\/Markus Schreiber)\" data-caas-lazy-loading-init=\"1\" \/><button class=\"link rapid-noclick-resp caas-lightbox\" aria-label=\"View larger image\" data-ylk=\"sec:image-lightbox;slk:lightbox-open;elm:expand;itc:1\" data-rapid_p=\"52\" data-v9y=\"1\"><\/button><\/span><\/div>\n<\/div>\n<\/div>\n<div class=\"caption-wrapper caption-aligned-with-image\">\n<div class=\"caption-wrapper caption-aligned-with-image\"><\/div>\n<\/div><figcaption class=\"caption-collapse\" data-id=\"m-11\">President of the European Commission Ursula von der Leyen talks during the Annual Meeting of the World Economic Forum in Davos, Switzerland, Tuesday, Jan. 20, 2026. (AP Photo\/Markus Schreiber)<\/figcaption><\/figure>\n<p>Bloomberg News reports:<\/p>\n<div class=\"caas-pull-quote-wrapper caas-img caas-lazy caas-loaded\" data-src=\"\" data-caas-lazy-loading-init=\"1\">\n<blockquote class=\"caas-blockquote\"><p>President Donald Trump\u2019s economic threats on the European Union over acquiring Greenland amount to a \u201cmistake\u201d that violates a trade arrangement forged last year between the transatlantic allies, the bloc\u2019s executive said.<\/p><\/blockquote>\n<\/div>\n<div class=\"caas-pull-quote-wrapper caas-img caas-lazy caas-loaded\" data-src=\"\" data-caas-lazy-loading-init=\"1\">\n<blockquote class=\"caas-blockquote\"><p>\u201cThe European Union and the United States have agreed to a trade deal last July,\u201d European Commission President Ursula von der Leyen said in a speech to the World Economic Forum in Davos, Switzerland, on Tuesday. \u201cIn politics as in business, a deal is a deal. And when friends shake hands, it must mean something.\u201d<\/p><\/blockquote>\n<\/div>\n<div class=\"caas-pull-quote-wrapper caas-img caas-lazy caas-loaded\" data-src=\"\" data-caas-lazy-loading-init=\"1\">\n<blockquote class=\"caas-blockquote\"><p>Trump announced a 10% tariff on goods from eight European countries beginning Feb. 1, rising to 25% in June, unless he has a deal for the \u201cpurchase of Greenland,\u201d a semi-autonomous territory of Denmark, a NATO-ally and EU member. The escalation prompted European leaders to decry that the US leader has crossed a red line.<\/p><\/blockquote>\n<\/div>\n<p><em>Read more here.<\/em><\/p>\n<\/div>\n<\/div>\n<\/div>\n<\/div>\n<\/div>\n<\/li>\n<li id=\"0b86f5ad-bcaf-4a52-9fbb-d57d0c5b93bb\" class=\"caas-liveblogpost\" data-id=\"0b86f5ad-bcaf-4a52-9fbb-d57d0c5b93bb\" data-lmt=\"{&quot;utc&quot;:&quot;Tue, 20 Jan 2026 12:53:24 GMT&quot;,&quot;iso&quot;:&quot;2026-01-20T12:53:24.000Z&quot;,&quot;format&quot;:&quot;Tue, January 20, 2026 at 1:53 PM GMT+1&quot;,&quot;timestamp&quot;:1768913604000}\">\n<div class=\"liveblogposts-post\">\n<div class=\"post\">\n<div class=\"timeline-point  with-author-name\"><img decoding=\"async\" class=\"avatar\" src=\"https:\/\/o.aolcdn.com\/images\/dims?image_uri=https%3A%2F%2Fo.aolcdn.com%2Fimages%2Fdims%3Fimage_uri%3Dhttps%253A%252F%252Fs.yimg.com%252Fos%252Fcreatr-uploaded-images%252F2024-10%252F82cf5f80-8bd8-11ef-babf-b4e662504245%26compress%3D1%26progressive%3D1%26quality%3D75%26client%3Dhawkeye%26signature%3Deba9c6bf409177b1a8c7fa8257231200b686e99c&amp;compress=1&amp;progressive=1&amp;quality=75&amp;client=hawkeye&amp;signature=839dce8d897765d2f2bd1f7dbbf52134bb20dcb4\" \/><\/div>\n<div class=\"timestamp-byline\"><time class=\"timestamp-most-recent liveblogpost-relative-time\" data-timestamp=\"1768902996000\" data-id=\"liveblog-timestamp-19\">Tue, January 20, 2026 at 10:56 AM GMT+1<\/time><\/p>\n<div class=\"byline-meta\">\n<div class=\"byline\">Jenny McCall<\/div>\n<\/div>\n<\/div>\n<\/div>\n<div class=\"content-wrapper  with-author-name\">\n<div class=\"content-body\">\n<div class=\"content-block  with-author-name\">\n<h2 class=\"headline\">Market reaction to Trump&#8217;s Greenland threats<\/h2>\n<div class=\"body\">\n<p>President Trump&#8217;s pursuit of Greenland has caused widespread concern, with European leaders expressing confusion at the president&#8217;s actions and protests taking place in Greenland. Markets have also been affected by the Trump administration&#8217;s latest moves.<\/p>\n<p>Here&#8217;s how different pockets are reacting to Trump&#8217;s latest pursuit.<\/p>\n<p><strong>US futures:<\/strong>\u00a0Nasdaq 100 futures (NQ=F) fell as much as 2%, while the Dow Jones Industrial Average futures (YM=F) pulled back 1.6% and S&amp;P 500 futures (ES=F) fell 1.8%, as trade tensions\u00a0escalated\u00a0due to Trump&#8217;s Greenland threats.<\/p>\n<p><strong>Bonds:<\/strong>\u00a0Bond prices\u00a0dropped, as the threats made US investments look less attractive and raised fears that prices for goods would rise. The biggest losses were in long-term bonds; the 30-year Treasury yield rose to above 4.90%.<\/p>\n<p><strong>Dollar:<\/strong>\u00a0The dollar\u00a0fell\u00a0to its lowest level in two weeks and currency hedging costs climbed as President Donald Trump showed no signs of backing down in his campaign for control of Greenland and threatened new tariffs on France.<\/p>\n<p><strong>French wine and champagne makers:<\/strong>\u00a0Shares of French firms that make or are\u00a0exposed\u00a0to wine and spirits were hit. Champagne Luxury giant LVMH (MC.PA) \u2014 the owner of beverage brands like Veuve Clicquot (VRV.F) and Krug \u2014 was 2% lower, while peer Remy Cointreau (RMC.BE) shed 2%, and Laurent-Perrier (LPE.DU) dipped 1%.<\/p>\n<p><strong>Gold:<\/strong>\u00a0Gold (GC=F) rose past $4,700 an ounce to a record high, while silver also\u00a0reached\u00a0an all-time peak.<\/p>\n<\/div>\n<\/div>\n<\/div>\n<\/div>\n<\/div>\n<\/li>\n<\/ul>\n<div class=\"caas-liveblog-showmore \"><\/div>\n<\/div>\n","protected":false},"excerpt":{"rendered":"<p>In an abrupt about-face on Wednesday, President Trump said he was calling off planned tariffs on European nations<\/p>\n","protected":false},"author":6,"featured_media":2595,"comment_status":"open","ping_status":"closed","sticky":false,"template":"","format":"standard","meta":{"om_disable_all_campaigns":false,"_monsterinsights_skip_tracking":false,"_monsterinsights_sitenote_active":false,"_monsterinsights_sitenote_note":"","_monsterinsights_sitenote_category":0,"footnotes":""},"categories":[7,45,48],"tags":[],"class_list":["post-2594","post","type-post","status-publish","format-standard","has-post-thumbnail","hentry","category-news","category-tariff","category-us"],"aioseo_notices":[],"_links":{"self":[{"href":"https:\/\/blog.cedritech.com\/index.php?rest_route=\/wp\/v2\/posts\/2594","targetHints":{"allow":["GET"]}}],"collection":[{"href":"https:\/\/blog.cedritech.com\/index.php?rest_route=\/wp\/v2\/posts"}],"about":[{"href":"https:\/\/blog.cedritech.com\/index.php?rest_route=\/wp\/v2\/types\/post"}],"author":[{"embeddable":true,"href":"https:\/\/blog.cedritech.com\/index.php?rest_route=\/wp\/v2\/users\/6"}],"replies":[{"embeddable":true,"href":"https:\/\/blog.cedritech.com\/index.php?rest_route=%2Fwp%2Fv2%2Fcomments&post=2594"}],"version-history":[{"count":1,"href":"https:\/\/blog.cedritech.com\/index.php?rest_route=\/wp\/v2\/posts\/2594\/revisions"}],"predecessor-version":[{"id":2596,"href":"https:\/\/blog.cedritech.com\/index.php?rest_route=\/wp\/v2\/posts\/2594\/revisions\/2596"}],"wp:featuredmedia":[{"embeddable":true,"href":"https:\/\/blog.cedritech.com\/index.php?rest_route=\/wp\/v2\/media\/2595"}],"wp:attachment":[{"href":"https:\/\/blog.cedritech.com\/index.php?rest_route=%2Fwp%2Fv2%2Fmedia&parent=2594"}],"wp:term":[{"taxonomy":"category","embeddable":true,"href":"https:\/\/blog.cedritech.com\/index.php?rest_route=%2Fwp%2Fv2%2Fcategories&post=2594"},{"taxonomy":"post_tag","embeddable":true,"href":"https:\/\/blog.cedritech.com\/index.php?rest_route=%2Fwp%2Fv2%2Ftags&post=2594"}],"curies":[{"name":"wp","href":"https:\/\/api.w.org\/{rel}","templated":true}]}}